{"id":988,"date":"2024-07-31T17:01:00","date_gmt":"2024-07-31T15:01:00","guid":{"rendered":"https:\/\/www.repub.sk\/?p=988"},"modified":"2024-07-31T16:57:30","modified_gmt":"2024-07-31T14:57:30","slug":"populizmus-podla-radoslava-stefancika","status":"publish","type":"post","link":"https:\/\/www.repub.sk\/?p=988","title":{"rendered":"Populizmus pod\u013ea Radoslava \u0160tefan\u010d\u00edka"},"content":{"rendered":"\n<p><strong>Vymedzenie pojmu populizmus<\/strong><\/p>\n\n\n\n<p>Populizmus je v s\u00fa\u010dasnosti ve\u013emi \u010dasto pou\u017e\u00edvan\u00fdm pojmom na akademickej p\u00f4de, vedeckej p\u00f4de ale aj v politick\u00fdch kulo\u00e1roch. Pou\u017e\u00edva sa najm\u00e4 v\u00a0spojitosti so slovami ako je \u013eud, elita, t\u00ed dobr\u00ed a\u00a0t\u00ed zl\u00ed. Tento pojem je v\u0161ak pou\u017e\u00edvan\u00fd a\u017e tak \u010dasto a\u00a0v\u00a0r\u00f4znych kontextoch, \u017ee sa pomaly st\u00e1va hodnotovo pr\u00e1zdnym, ale napriek tomu politicky u\u017eito\u010dn\u00fdm. Preto je potrebn\u00e9 na\u010drtn\u00fa\u0165 poh\u013ead r\u00f4znych autorov na t\u00fato problematiku.<\/p>\n\n\n\n<p><strong>Pr\u00edstupy k\u00a0pojmu populizmus<\/strong><\/p>\n\n\n\n<p>Mnoh\u00ed autori, z\u00a0na\u0161ej anal\u00fdzy sk\u00f4r z\u00e1padn\u00ed autori ako napr\u00edklad <em>Cas Mudde<\/em> tvrdia, \u017ee populizmus je novodob\u00fdm n\u00e1stupcom tradi\u010dn\u00fdch ideol\u00f3gi\u00ed. Je to pod\u013ea nich v\u00fdplod radikalizovania sa \u013eavice \u010di pravice. V poslednom desa\u0165ro\u010d\u00ed \u010doraz viac skupiny soci\u00e1lnych vedcov definuj\u00fa populizmus preva\u017ene na z\u00e1klade ideov\u00e9ho pr\u00edstupu, ktor\u00fd populizmus ch\u00e1pe ako diskurz, ideol\u00f3giu alebo sveton\u00e1zor. Definuj\u00fa pod\u013ea tohto pr\u00edstupu populizmus ako <em>\u201eideol\u00f3giu s tenk\u00fdm stredom, ktor\u00e1 pova\u017euje spolo\u010dnos\u0165 za \u00faplne oddelen\u00fa na dva homog\u00e9nne a antagonistick\u00e9 t\u00e1bory, \u201e\u010dist\u00fd \u013eud\u201c verzus \u201eskorumpovan\u00e1 elita\u201c, a ktor\u00e1 s\u00fahlas\u00ed, \u017ee politika by mala by\u0165 vykon\u00e1van\u00e1 na z\u00e1klade v\u00f4le \u013eudu.\u201c<\/em><a href=\"https:\/\/www.cidob.org\/en\/publications\/publication_series\/cidob_report\/cidob_report\/populism_in_europe_from_symptom_to_alternative\" target=\"_blank\" rel=\"noreferrer noopener\">[1]<\/a><\/p>\n\n\n\n<p>S presnej\u0161ou defin\u00edciou pri\u0161iel nemeck\u00fd politol\u00f3g <em>Jan Werner-Muller<\/em>, ktor\u00fd populistu vymedzuje na z\u00e1klade stanoven\u00fdch krit\u00e9ri\u00ed, ktor\u00fdmi s\u00fa sp\u00f4sob vn\u00edmania el\u00edt, \u010di\u017ee antielitistick\u00e1 r\u00e9torika a odpor vo\u010di pluralizmu, ke\u010f\u017ee populisti vytv\u00e1raj\u00fa poh\u013ead na spolo\u010dnos\u0165, kde existuj\u00fa len dve skupiny politikov.&nbsp;<\/p>\n\n\n\n<p><em>Radoslav \u0160tefan\u010d\u00edk<\/em> vo svojej knihe spom\u00edna k\u013e\u00fa\u010dov\u00e9ho autora <em>Antona Pelinku,<\/em> ktor\u00fd nazna\u010duje, \u017ee <em>\u201eneexistuje \u017eiadne jednozna\u010dn\u00e9, v\u0161eobecne uzn\u00e1van\u00e9 ch\u00e1panie populizmu. Ke\u010f\u017ee populizmus vo v\u0161eobecnosti a obzvl\u00e1\u0161\u0165 pravicov\u00fd populizmus maj\u00fa negat\u00edvnu konot\u00e1ciu, sl\u00fa\u017ei aj ako n\u00e1stroj v politickej debate.\u201c<\/em>\u00a0<a href=\"http:\/\/kniha\" target=\"_blank\" rel=\"noreferrer noopener\">[2]<\/a><\/p>\n\n\n\n<p><strong>Znaky populizmu<\/strong><\/p>\n\n\n\n<p>Radoslav \u0160tefan\u010d\u00edk vo svojej knihe uv\u00e1dza defini\u010dn\u00e9 znaky populizmu vypracovan\u00e9 pod\u013ea viacer\u00fdch autorov, a\u00a0to v\u00a0prvom rade pod\u013ea <em>M. Oswalda, M. Schafera a Eleny Brodovej<\/em>. T\u00edto autori uv\u00e1dzaj\u00fa tri r\u00f4zne defini\u010dn\u00e9 znaky, pod\u013ea ktor\u00fdch sa sk\u00fama populizmus: <em>populizmus ako politick\u00e1 strat\u00e9gia, ideol\u00f3gia a ako diskurzy \u0161t\u00fdl.<\/em><a href=\"http:\/\/kniha\" target=\"_blank\" rel=\"noreferrer noopener\">[3]<\/a><\/p>\n\n\n\n<p><em>Radoslav \u0160tefan\u010d\u00edk<\/em> pre \u00fa\u010del nazerania sa z\u00a0viacer\u00fdch poh\u013eadov pou\u017eil aj my\u0161lienky <em>Poiera, Saywald-Wedla a Ungera<\/em>, ktor\u00ed odli\u0161uj\u00fa tri kateg\u00f3rie znakov populizmu: <em>form\u00e1lno-diskurzn\u00e9, form\u00e1lno-organiza\u010dn\u00e9 a obsahovo-ideologick\u00e9<\/em>.<a href=\"http:\/\/kniha\">[4]<\/a><\/p>\n\n\n\n<p><strong>MY verzus ONI<\/strong><\/p>\n\n\n\n<p>Autor Radoslav \u0160tefan\u010d\u00edk vo svojej publik\u00e1cii prich\u00e1dza k&nbsp;n\u00e1zoru, \u017ee populisti \u010dasto ospravedl\u0148uj\u00fa svoje \u010diny a komunik\u00e1ciu argumentom v\u00f4le \u013eudu. Vysvet\u013euje, \u017ee ke\u010f populisti zd\u00f4raz\u0148uj\u00fa d\u00f4le\u017eitos\u0165 suverenity \u013eudu ako piliera liber\u00e1lnej demokracie, tak nemyslia na to, \u017ee liber\u00e1lne zlo\u017eky modern\u00fdch demokraci\u00ed s\u00fa rovnako d\u00f4le\u017eit\u00e9, vr\u00e1tane pr\u00e1vneho \u0161t\u00e1tu, \u013eudsk\u00fdch pr\u00e1v, ochrany men\u0161\u00edn a de\u013eby moci. D\u00f4raz na d\u00f4le\u017eitos\u0165 jednotlivcov v komunika\u010dn\u00fdch strat\u00e9gi\u00e1ch sa \u010dasto dosahuje prostredn\u00edctvom homogenity a zjednodu\u0161enia, \u010d\u00edm sa nechtiac vyl\u00fa\u010dia t\u00ed, ktor\u00ed nezapadaj\u00fa do definovanej kateg\u00f3rie \u013eud\u00ed. T\u00e1to vylu\u010dovacia prax nie je ned\u00e1vnym javom, preto\u017ee ju mo\u017eno pozorova\u0165 u\u017e v obdob\u00ed staroveku. V gr\u00e9ckych mestsk\u00fdch \u0161t\u00e1toch sa len \u010das\u0165 popul\u00e1cie pova\u017eovala za hodn\u00fa naz\u00fdva\u0165 sa \u013eudom. Dnes populisti pod\u013ea \u0160tefan\u010d\u00edka m\u00f4\u017eu tvrdi\u0165, \u017ee presadzuj\u00fa vec \u013eud\u00ed, ale ich defin\u00edcia \u013eud\u00ed \u010dasto zah\u0155\u0148a iba vybran\u00fa skupinu obyvate\u013eov v r\u00e1mci n\u00e1rodn\u00e9ho \u0161t\u00e1tu, pri\u010dom neber\u00fa oh\u013ead na ak\u00fako\u013evek in\u00fa skupinu, ktorej hodnoty a spr\u00e1vanie pova\u017euj\u00fa za nezlu\u010dite\u013en\u00e9 so \u0161ir\u0161\u00edmi z\u00e1ujmami \u013eudu. V d\u00f4sledku toho s\u00fa ur\u010dit\u00e9 skupiny obyvate\u013estva stigmatizovan\u00e9 a&nbsp;marginalizovan\u00e9.&nbsp;<\/p>\n\n\n\n<p>V odbornej literat\u00fare \u0160tefan\u010d\u00edk identifikuje dve roviny, na ktor\u00fdch plat\u00ed dichot\u00f3mia my verzus oni. Vo vertik\u00e1lnej rovine s\u00fa \u013eudia proti politick\u00e9mu establi\u0161mentu (skorumpovanej, zradcovskej elite). Na horizont\u00e1lnej rovine identifikuje\u00a0 kateg\u00f3riu <em>my<\/em> proti kateg\u00f3rii <em>t\u00ed cudz\u00ed<\/em>. Do tejto kateg\u00f3rie rad\u00ed pris\u0165ahovalcov (zvy\u010dajne ekonomick\u00ed pris\u0165ahovalci), niektor\u00e9 etnick\u00e9 men\u0161iny a n\u00e1bo\u017eensk\u00e9 skupiny (hlavne moslimovia).<a href=\"http:\/\/kniha\" target=\"_blank\" rel=\"noreferrer noopener\">[5]<\/a><\/p>\n\n\n\n<p><strong>Z\u00e1ver<\/strong><\/p>\n\n\n\n<p>Tento \u010dl\u00e1nok pon\u00fakla anal\u00fdzu populizmu ako fenom\u00e9nu, vr\u00e1tane defin\u00edci\u00ed, indik\u00e1torov a dopadov v r\u00e1mci modernej spolo\u010dnosti. Populizmus je dynamick\u00fd fenom\u00e9n, ktor\u00fd sa men\u00ed v z\u00e1vislosti od soci\u00e1lnych, politick\u00fdch a ekonomick\u00fdch okolnost\u00ed. Zaznamenali sme k\u013e\u00fa\u010dov\u00e9 charakteristiky populizmu vr\u00e1tane dichot\u00f3mie <em>\u201cMY verzus ONI\u201c,<\/em> kritiky el\u00edt, emocion\u00e1lneho jazyka a r\u00f4znych kon\u0161pira\u010dn\u00fdch te\u00f3ri\u00ed.&nbsp;<\/p>\n\n\n\n<p>\u00a0Pod\u013ea anal\u00fdzy populisti \u010dasto vyu\u017e\u00edvaj\u00fa obavy a mrzutos\u0165 \u013eud\u00ed, aby z\u00edskali priaznivcov a ospravedlnili svoje politick\u00e9 pl\u00e1ny. Populizmus na\u0161iel domov v \u0165a\u017ek\u00fdch \u010dasoch, ako je pand\u00e9mia Covid-19 a ukrajinsk\u00e1 vojna, \u010do malo \u0161kodliv\u00e9 \u00fa\u010dinky na demokratick\u00e9 in\u0161tit\u00facie a soci\u00e1lnu stabilitu. V kone\u010dnom d\u00f4sledku populizmus predstavuje v\u00fdzvu pre s\u00fa\u010dasn\u00e9 demokracie. Jednotlivci si musia d\u00e1va\u0165 pozor na populistick\u00e9 taktiky a vedie\u0165 im \u010deli\u0165. Podpora medi\u00e1lnej gramotnosti, kritick\u00e9ho myslenia a transparentnosti v politick\u00fdch procesoch s\u00fa k\u013e\u00fa\u010dov\u00e9 pre posilnenie demokratick\u00fdch in\u0161tit\u00faci\u00ed a hodn\u00f4t.<\/p>\n\n\n\n<hr class=\"wp-block-separator has-alpha-channel-opacity\"\/>\n\n\n\n<p><strong>Zdroje:<\/strong><\/p>\n\n\n\n<p>[1] CIDOB &#8211; Populism in Europe: from Symptom to Alternative? In: <em>CIDOB<\/em> [online] [cit. 10.05.2024]. Dostupn\u00e9 na internete: &lt;https:\/\/www.cidob.org\/en\/publications\/publication_series\/cidob_report\/cidob_report\/populism_in_europe_from_symptom_to_alternative><\/p>\n\n\n\n<p>[2] \u0160TEFAN\u010c\u00cdK, R.: <em>Radik\u00e1lny populizmus v \u00e9re pand\u00e9mie COVID-19 a vojny na Ukrajine.<\/em> Bratislava: Vydavate\u013estvo Ekon\u00f3m, 2022. s. 29 &#8211; 30<\/p>\n\n\n\n<p>[3] \u0160TEFAN\u010c\u00cdK, R.<em> <\/em>Ref. 3. s. 36<\/p>\n\n\n\n<p>[4] \u0160TEFAN\u010c\u00cdK, R.<em> <\/em>Ref. 3. s. 36<\/p>\n\n\n\n<p>[5] \u0160TEFAN\u010c\u00cdK, R.<em> <\/em>Ref. 3. s\u00a048<\/p>\n","protected":false},"excerpt":{"rendered":"<p>Vymedzenie pojmu populizmus Populizmus je v s\u00fa\u010dasnosti ve\u013emi \u010dasto pou\u017e\u00edvan\u00fdm pojmom na akademickej p\u00f4de, vedeckej p\u00f4de ale aj v politick\u00fdch kulo\u00e1roch. Pou\u017e\u00edva sa najm\u00e4 v\u00a0spojitosti so slovami ako je \u013eud, elita, t\u00ed dobr\u00ed a\u00a0t\u00ed zl\u00ed. Tento pojem je v\u0161ak pou\u017e\u00edvan\u00fd a\u017e tak \u010dasto a\u00a0v\u00a0r\u00f4znych kontextoch, \u017ee sa pomaly st\u00e1va hodnotovo pr\u00e1zdnym, ale napriek tomu politicky [&hellip;]<\/p>\n","protected":false},"author":19,"featured_media":0,"comment_status":"open","ping_status":"open","sticky":false,"template":"","format":"standard","meta":{"_monsterinsights_skip_tracking":false,"_monsterinsights_sitenote_active":false,"_monsterinsights_sitenote_note":"","_monsterinsights_sitenote_category":0,"footnotes":""},"categories":[5],"tags":[106,105,107,108],"class_list":["post-988","post","type-post","status-publish","format-standard","hentry","category-analyzy","tag-podla","tag-populizmus","tag-radoslava","tag-stefancika"],"yoast_head":"<!-- This site is optimized with the Yoast SEO plugin v26.8 - https:\/\/yoast.com\/product\/yoast-seo-wordpress\/ -->\n<title>Populizmus pod\u013ea Radoslava \u0160tefan\u010d\u00edka - RE:PUB<\/title>\n<meta name=\"robots\" content=\"index, follow, max-snippet:-1, max-image-preview:large, max-video-preview:-1\" \/>\n<link rel=\"canonical\" href=\"https:\/\/www.repub.sk\/?p=988\" \/>\n<meta property=\"og:locale\" content=\"sk_SK\" \/>\n<meta property=\"og:type\" content=\"article\" \/>\n<meta property=\"og:title\" content=\"Populizmus pod\u013ea Radoslava \u0160tefan\u010d\u00edka - RE:PUB\" \/>\n<meta property=\"og:description\" content=\"Vymedzenie pojmu populizmus Populizmus je v s\u00fa\u010dasnosti ve\u013emi \u010dasto pou\u017e\u00edvan\u00fdm pojmom na akademickej p\u00f4de, vedeckej p\u00f4de ale aj v politick\u00fdch kulo\u00e1roch. Pou\u017e\u00edva sa najm\u00e4 v\u00a0spojitosti so slovami ako je \u013eud, elita, t\u00ed dobr\u00ed a\u00a0t\u00ed zl\u00ed. Tento pojem je v\u0161ak pou\u017e\u00edvan\u00fd a\u017e tak \u010dasto a\u00a0v\u00a0r\u00f4znych kontextoch, \u017ee sa pomaly st\u00e1va hodnotovo pr\u00e1zdnym, ale napriek tomu politicky [&hellip;]\" \/>\n<meta property=\"og:url\" content=\"https:\/\/www.repub.sk\/?p=988\" \/>\n<meta property=\"og:site_name\" content=\"RE:PUB\" \/>\n<meta property=\"article:published_time\" content=\"2024-07-31T15:01:00+00:00\" \/>\n<meta name=\"author\" content=\"Vikt\u00f3ria Moln\u00e1rov\u00e1\" \/>\n<meta name=\"twitter:card\" content=\"summary_large_image\" \/>\n<meta name=\"twitter:label1\" content=\"Autor\" \/>\n\t<meta name=\"twitter:data1\" content=\"Vikt\u00f3ria Moln\u00e1rov\u00e1\" \/>\n\t<meta name=\"twitter:label2\" content=\"Predpokladan\u00fd \u010das \u010d\u00edtania\" \/>\n\t<meta name=\"twitter:data2\" content=\"4 min\u00faty\" \/>\n<script type=\"application\/ld+json\" class=\"yoast-schema-graph\">{\"@context\":\"https:\/\/schema.org\",\"@graph\":[{\"@type\":\"Article\",\"@id\":\"https:\/\/www.repub.sk\/?p=988#article\",\"isPartOf\":{\"@id\":\"https:\/\/www.repub.sk\/?p=988\"},\"author\":{\"name\":\"Vikt\u00f3ria Moln\u00e1rov\u00e1\",\"@id\":\"https:\/\/www.repub.sk\/#\/schema\/person\/2f4a76ddf354e3e0187ad0c0ba5bf82e\"},\"headline\":\"Populizmus pod\u013ea Radoslava \u0160tefan\u010d\u00edka\",\"datePublished\":\"2024-07-31T15:01:00+00:00\",\"mainEntityOfPage\":{\"@id\":\"https:\/\/www.repub.sk\/?p=988\"},\"wordCount\":998,\"commentCount\":0,\"publisher\":{\"@id\":\"https:\/\/www.repub.sk\/#organization\"},\"keywords\":[\"pod\u013ea\",\"populizmus\",\"Radoslava\",\"\u0160tefan\u010d\u00edka\"],\"articleSection\":[\"ANAL\u00ddZY\"],\"inLanguage\":\"sk-SK\",\"potentialAction\":[{\"@type\":\"CommentAction\",\"name\":\"Comment\",\"target\":[\"https:\/\/www.repub.sk\/?p=988#respond\"]}]},{\"@type\":\"WebPage\",\"@id\":\"https:\/\/www.repub.sk\/?p=988\",\"url\":\"https:\/\/www.repub.sk\/?p=988\",\"name\":\"Populizmus pod\u013ea Radoslava \u0160tefan\u010d\u00edka - RE:PUB\",\"isPartOf\":{\"@id\":\"https:\/\/www.repub.sk\/#website\"},\"datePublished\":\"2024-07-31T15:01:00+00:00\",\"breadcrumb\":{\"@id\":\"https:\/\/www.repub.sk\/?p=988#breadcrumb\"},\"inLanguage\":\"sk-SK\",\"potentialAction\":[{\"@type\":\"ReadAction\",\"target\":[\"https:\/\/www.repub.sk\/?p=988\"]}]},{\"@type\":\"BreadcrumbList\",\"@id\":\"https:\/\/www.repub.sk\/?p=988#breadcrumb\",\"itemListElement\":[{\"@type\":\"ListItem\",\"position\":1,\"name\":\"Home\",\"item\":\"https:\/\/www.repub.sk\/\"},{\"@type\":\"ListItem\",\"position\":2,\"name\":\"Populizmus pod\u013ea Radoslava \u0160tefan\u010d\u00edka\"}]},{\"@type\":\"WebSite\",\"@id\":\"https:\/\/www.repub.sk\/#website\",\"url\":\"https:\/\/www.repub.sk\/\",\"name\":\"RE:PUB\",\"description\":\"\u0161tudentsk\u00fd \u010dasopis\",\"publisher\":{\"@id\":\"https:\/\/www.repub.sk\/#organization\"},\"potentialAction\":[{\"@type\":\"SearchAction\",\"target\":{\"@type\":\"EntryPoint\",\"urlTemplate\":\"https:\/\/www.repub.sk\/?s={search_term_string}\"},\"query-input\":{\"@type\":\"PropertyValueSpecification\",\"valueRequired\":true,\"valueName\":\"search_term_string\"}}],\"inLanguage\":\"sk-SK\"},{\"@type\":\"Organization\",\"@id\":\"https:\/\/www.repub.sk\/#organization\",\"name\":\"RE:PUB\",\"url\":\"https:\/\/www.repub.sk\/\",\"logo\":{\"@type\":\"ImageObject\",\"inLanguage\":\"sk-SK\",\"@id\":\"https:\/\/www.repub.sk\/#\/schema\/logo\/image\/\",\"url\":\"https:\/\/www.repub.sk\/wp-content\/uploads\/2024\/08\/repub-logo.png\",\"contentUrl\":\"https:\/\/www.repub.sk\/wp-content\/uploads\/2024\/08\/repub-logo.png\",\"width\":427,\"height\":426,\"caption\":\"RE:PUB\"},\"image\":{\"@id\":\"https:\/\/www.repub.sk\/#\/schema\/logo\/image\/\"}},{\"@type\":\"Person\",\"@id\":\"https:\/\/www.repub.sk\/#\/schema\/person\/2f4a76ddf354e3e0187ad0c0ba5bf82e\",\"name\":\"Vikt\u00f3ria Moln\u00e1rov\u00e1\",\"image\":{\"@type\":\"ImageObject\",\"inLanguage\":\"sk-SK\",\"@id\":\"https:\/\/www.repub.sk\/#\/schema\/person\/image\/\",\"url\":\"https:\/\/secure.gravatar.com\/avatar\/2b08e862e8ba639bde332c9c763f6acdeb482c6ca989331ed3cdc7549c7ba143?s=96&d=mm&r=g\",\"contentUrl\":\"https:\/\/secure.gravatar.com\/avatar\/2b08e862e8ba639bde332c9c763f6acdeb482c6ca989331ed3cdc7549c7ba143?s=96&d=mm&r=g\",\"caption\":\"Vikt\u00f3ria Moln\u00e1rov\u00e1\"},\"url\":\"https:\/\/www.repub.sk\/?author=19\"}]}<\/script>\n<!-- \/ Yoast SEO plugin. -->","yoast_head_json":{"title":"Populizmus pod\u013ea Radoslava \u0160tefan\u010d\u00edka - RE:PUB","robots":{"index":"index","follow":"follow","max-snippet":"max-snippet:-1","max-image-preview":"max-image-preview:large","max-video-preview":"max-video-preview:-1"},"canonical":"https:\/\/www.repub.sk\/?p=988","og_locale":"sk_SK","og_type":"article","og_title":"Populizmus pod\u013ea Radoslava \u0160tefan\u010d\u00edka - RE:PUB","og_description":"Vymedzenie pojmu populizmus Populizmus je v s\u00fa\u010dasnosti ve\u013emi \u010dasto pou\u017e\u00edvan\u00fdm pojmom na akademickej p\u00f4de, vedeckej p\u00f4de ale aj v politick\u00fdch kulo\u00e1roch. Pou\u017e\u00edva sa najm\u00e4 v\u00a0spojitosti so slovami ako je \u013eud, elita, t\u00ed dobr\u00ed a\u00a0t\u00ed zl\u00ed. Tento pojem je v\u0161ak pou\u017e\u00edvan\u00fd a\u017e tak \u010dasto a\u00a0v\u00a0r\u00f4znych kontextoch, \u017ee sa pomaly st\u00e1va hodnotovo pr\u00e1zdnym, ale napriek tomu politicky [&hellip;]","og_url":"https:\/\/www.repub.sk\/?p=988","og_site_name":"RE:PUB","article_published_time":"2024-07-31T15:01:00+00:00","author":"Vikt\u00f3ria Moln\u00e1rov\u00e1","twitter_card":"summary_large_image","twitter_misc":{"Autor":"Vikt\u00f3ria Moln\u00e1rov\u00e1","Predpokladan\u00fd \u010das \u010d\u00edtania":"4 min\u00faty"},"schema":{"@context":"https:\/\/schema.org","@graph":[{"@type":"Article","@id":"https:\/\/www.repub.sk\/?p=988#article","isPartOf":{"@id":"https:\/\/www.repub.sk\/?p=988"},"author":{"name":"Vikt\u00f3ria Moln\u00e1rov\u00e1","@id":"https:\/\/www.repub.sk\/#\/schema\/person\/2f4a76ddf354e3e0187ad0c0ba5bf82e"},"headline":"Populizmus pod\u013ea Radoslava \u0160tefan\u010d\u00edka","datePublished":"2024-07-31T15:01:00+00:00","mainEntityOfPage":{"@id":"https:\/\/www.repub.sk\/?p=988"},"wordCount":998,"commentCount":0,"publisher":{"@id":"https:\/\/www.repub.sk\/#organization"},"keywords":["pod\u013ea","populizmus","Radoslava","\u0160tefan\u010d\u00edka"],"articleSection":["ANAL\u00ddZY"],"inLanguage":"sk-SK","potentialAction":[{"@type":"CommentAction","name":"Comment","target":["https:\/\/www.repub.sk\/?p=988#respond"]}]},{"@type":"WebPage","@id":"https:\/\/www.repub.sk\/?p=988","url":"https:\/\/www.repub.sk\/?p=988","name":"Populizmus pod\u013ea Radoslava \u0160tefan\u010d\u00edka - RE:PUB","isPartOf":{"@id":"https:\/\/www.repub.sk\/#website"},"datePublished":"2024-07-31T15:01:00+00:00","breadcrumb":{"@id":"https:\/\/www.repub.sk\/?p=988#breadcrumb"},"inLanguage":"sk-SK","potentialAction":[{"@type":"ReadAction","target":["https:\/\/www.repub.sk\/?p=988"]}]},{"@type":"BreadcrumbList","@id":"https:\/\/www.repub.sk\/?p=988#breadcrumb","itemListElement":[{"@type":"ListItem","position":1,"name":"Home","item":"https:\/\/www.repub.sk\/"},{"@type":"ListItem","position":2,"name":"Populizmus pod\u013ea Radoslava \u0160tefan\u010d\u00edka"}]},{"@type":"WebSite","@id":"https:\/\/www.repub.sk\/#website","url":"https:\/\/www.repub.sk\/","name":"RE:PUB","description":"\u0161tudentsk\u00fd \u010dasopis","publisher":{"@id":"https:\/\/www.repub.sk\/#organization"},"potentialAction":[{"@type":"SearchAction","target":{"@type":"EntryPoint","urlTemplate":"https:\/\/www.repub.sk\/?s={search_term_string}"},"query-input":{"@type":"PropertyValueSpecification","valueRequired":true,"valueName":"search_term_string"}}],"inLanguage":"sk-SK"},{"@type":"Organization","@id":"https:\/\/www.repub.sk\/#organization","name":"RE:PUB","url":"https:\/\/www.repub.sk\/","logo":{"@type":"ImageObject","inLanguage":"sk-SK","@id":"https:\/\/www.repub.sk\/#\/schema\/logo\/image\/","url":"https:\/\/www.repub.sk\/wp-content\/uploads\/2024\/08\/repub-logo.png","contentUrl":"https:\/\/www.repub.sk\/wp-content\/uploads\/2024\/08\/repub-logo.png","width":427,"height":426,"caption":"RE:PUB"},"image":{"@id":"https:\/\/www.repub.sk\/#\/schema\/logo\/image\/"}},{"@type":"Person","@id":"https:\/\/www.repub.sk\/#\/schema\/person\/2f4a76ddf354e3e0187ad0c0ba5bf82e","name":"Vikt\u00f3ria Moln\u00e1rov\u00e1","image":{"@type":"ImageObject","inLanguage":"sk-SK","@id":"https:\/\/www.repub.sk\/#\/schema\/person\/image\/","url":"https:\/\/secure.gravatar.com\/avatar\/2b08e862e8ba639bde332c9c763f6acdeb482c6ca989331ed3cdc7549c7ba143?s=96&d=mm&r=g","contentUrl":"https:\/\/secure.gravatar.com\/avatar\/2b08e862e8ba639bde332c9c763f6acdeb482c6ca989331ed3cdc7549c7ba143?s=96&d=mm&r=g","caption":"Vikt\u00f3ria Moln\u00e1rov\u00e1"},"url":"https:\/\/www.repub.sk\/?author=19"}]}},"_links":{"self":[{"href":"https:\/\/www.repub.sk\/index.php?rest_route=\/wp\/v2\/posts\/988","targetHints":{"allow":["GET"]}}],"collection":[{"href":"https:\/\/www.repub.sk\/index.php?rest_route=\/wp\/v2\/posts"}],"about":[{"href":"https:\/\/www.repub.sk\/index.php?rest_route=\/wp\/v2\/types\/post"}],"author":[{"embeddable":true,"href":"https:\/\/www.repub.sk\/index.php?rest_route=\/wp\/v2\/users\/19"}],"replies":[{"embeddable":true,"href":"https:\/\/www.repub.sk\/index.php?rest_route=%2Fwp%2Fv2%2Fcomments&post=988"}],"version-history":[{"count":2,"href":"https:\/\/www.repub.sk\/index.php?rest_route=\/wp\/v2\/posts\/988\/revisions"}],"predecessor-version":[{"id":990,"href":"https:\/\/www.repub.sk\/index.php?rest_route=\/wp\/v2\/posts\/988\/revisions\/990"}],"wp:attachment":[{"href":"https:\/\/www.repub.sk\/index.php?rest_route=%2Fwp%2Fv2%2Fmedia&parent=988"}],"wp:term":[{"taxonomy":"category","embeddable":true,"href":"https:\/\/www.repub.sk\/index.php?rest_route=%2Fwp%2Fv2%2Fcategories&post=988"},{"taxonomy":"post_tag","embeddable":true,"href":"https:\/\/www.repub.sk\/index.php?rest_route=%2Fwp%2Fv2%2Ftags&post=988"}],"curies":[{"name":"wp","href":"https:\/\/api.w.org\/{rel}","templated":true}]}}