{"id":809,"date":"2024-02-29T18:47:00","date_gmt":"2024-02-29T17:47:00","guid":{"rendered":"https:\/\/www.repub.sk\/?p=809"},"modified":"2024-02-29T16:12:07","modified_gmt":"2024-02-29T15:12:07","slug":"fenomen-argentinskeho-prezidenta-javiera-milei","status":"publish","type":"post","link":"https:\/\/www.repub.sk\/?p=809","title":{"rendered":"Fenom\u00e9n argent\u00ednskeho prezidenta Javiera Milei"},"content":{"rendered":"\n<p><strong>\u00davod<\/strong><\/p>\n\n\n\n<p>Argent\u00edna je po Braz\u00edlii druhou najv\u00e4\u010d\u0161ou krajinou Ju\u017enej Ameriky z h\u013eadiska rozlohy a tre\u0165ou najv\u00e4\u010d\u0161ou krajinou z h\u013eadiska po\u010dtu obyvate\u013eov po Braz\u00edlii a Kolumbii. Krajina je historicky a kult\u00farne bohat\u00e1. Krajina, ktor\u00e1 je zn\u00e1ma svojou kontroverznou a dynamickou politikou. D\u0148a 10. decembra 2023 sa na \u010delo tejto krajiny postavil mu\u017e s prav\u00fdm argent\u00ednskym temperamentom, Javier Milei. T\u00e1to excentrick\u00e1 osobnos\u0165 si okam\u017eite z\u00edskala popularitu svetov\u00e9ho spolo\u010denstva a pritiahla k tejto juhoamerickej krajine nev\u00eddan\u00fa pozornos\u0165.<\/p>\n\n\n\n<p>Kto je teda v skuto\u010dnosti Milei? Inov\u00e1tor, ktor\u00fd raz a nav\u017edy zmen\u00ed nielen politiku svojej krajiny, ale cel\u00e9ho sveta, alebo fanatik, ktor\u00fd Argent\u00ednu privedie k e\u0161te v\u00e4\u010d\u0161iemu hospod\u00e1rskemu kolapsu? Tento \u010dl\u00e1nok sa pok\u00fasi odpoveda\u0165 na t\u00fato ot\u00e1zku a odhali\u0165 osobnos\u0165 nov\u00e9ho prezidenta.&nbsp;&nbsp;&nbsp;<\/p>\n\n\n\n<p><strong>Politick\u00e1 a hospod\u00e1rska situ\u00e1cia v Argent\u00edne&nbsp;<\/strong><\/p>\n\n\n\n<p>Na konci 19. storo\u010dia bola Argent\u00edna jednou z najbohat\u0161\u00edch kraj\u00edn nielen v Ju\u017enej Amerike, ale aj na svete. Odtia\u013e poch\u00e1dza slogan \u201ebohat\u00fd ako argent\u00edn\u010dan\u201c. Krajina bola ods\u00faden\u00e1 na \u00faspech, vy\u0161\u0161ie vrstvy dovolenkovali v Par\u00ed\u017ei, sledovali najnov\u0161iu eur\u00f3psku m\u00f3du a ekonomika napredovala. Svetov\u00e9 vojny sa jej nedotkli.&nbsp;<\/p>\n\n\n\n<p>Oslnen\u00ed spolo\u010densk\u00fdm \u017eivotom v Moulin Rouge si Argent\u00edn\u010dania nev\u0161imli, ako sa za oslniv\u00fdmi fas\u00e1dami u\u017e za\u010dal r\u00faca\u0165 svet, ktor\u00fd je \u00fazko sp\u00e4t\u00fd s politikom Juanom Domingom Per\u00f3nom. B\u00fdval\u00fd gener\u00e1l s\u013eubuje nov\u00fa cestu odli\u0161n\u00fa od kapitalizmu a socializmu (nesk\u00f4r nazvan\u00fa peronizmus), ale v skuto\u010dnosti kladie z\u00e1klady bud\u00faceho ne\u0161\u0165astia. Ke\u010f\u017ee podstatou Per\u00f3novho justicializmu bola zmes nacionalizmu, kapitalizmu a socializmu, krajinu \u010dakala ve\u013ek\u00e1 zmena a Per\u00f3n kl\u00e1dol ve\u013ek\u00fd d\u00f4raz na \u013eavicov\u00e9 ide\u00e1ly, ako je soci\u00e1lna rovnos\u0165, podpora odborov a, samozrejme, soci\u00e1lne programy. Nakoniec jeho politika zalo\u017een\u00e1 na viacer\u00fdch faktoroch viedla k hospod\u00e1rskemu \u00fapadku.<a href=\"https:\/\/www.idnes.cz\/ekonomika\/zahranicni\/argentina-hdp-inflace-rozvoj-chudoba-problemy.A230323_135746_eko-zahranicni_jla\">[1]<\/a>\u00a0\u00a0<\/p>\n\n\n\n<p>V dne\u0161nej Argent\u00edne je osobnos\u0165 Juana Per\u00f3na kontroverzn\u00e1, ale such\u00e9 fakty hovoria, \u017ee po jeho politike sa zv\u00fd\u0161ila infl\u00e1cia, vzr\u00e1stol verejn\u00fd dlh a spomalil sa hospod\u00e1rsky rast. Pre lep\u0161iu predstavu je ni\u017e\u0161ie uveden\u00fd graf infl\u00e1cie pre Argent\u00ednu v roku 2023.<a href=\"https:\/\/www.bloomberg.com\/news\/articles\/2024-01-11\/argentina-inflation-hits-211-in-2023-fastest-in-three-decades?embedded-checkout=true\">[2]<\/a>\u00a0<\/p>\n\n\n\n<figure class=\"wp-block-image size-full\"><img fetchpriority=\"high\" decoding=\"async\" width=\"733\" height=\"412\" src=\"https:\/\/www.repub.sk\/wp-content\/uploads\/2024\/02\/image.png\" alt=\"\" class=\"wp-image-811\" srcset=\"https:\/\/www.repub.sk\/wp-content\/uploads\/2024\/02\/image.png 733w, https:\/\/www.repub.sk\/wp-content\/uploads\/2024\/02\/image-600x337.png 600w, https:\/\/www.repub.sk\/wp-content\/uploads\/2024\/02\/image-300x169.png 300w, https:\/\/www.repub.sk\/wp-content\/uploads\/2024\/02\/image-2x1.png 2w\" sizes=\"(max-width: 733px) 100vw, 733px\" \/><\/figure>\n\n\n\n<p><strong>\u017divotopis novozvolen\u00e9ho prezidenta&nbsp;<\/strong><\/p>\n\n\n\n<p>Javier Milei (naroden\u00fd 22. okt\u00f3bra 1970 v Buenos Aires, Argent\u00edna) je konfronta\u010dn\u00fd pravicov\u00fd outsider, ktor\u00fd sa v roku 2023 stal prezidentom Argent\u00edny na vlne nespokojnosti voli\u010dov s politickou elitou, ktor\u00fa jeho st\u00fapenci obvi\u0148uj\u00fa z endemickej hyperinfl\u00e1cie, vo\u013en\u00e9ho p\u00e1du meny a rast\u00facej chudoby. Milei, libertari\u00e1nsky ekon\u00f3m, ktor\u00fd s\u00e1m seba ozna\u010duje za anarchokapitalistu, sa prv\u00fdkr\u00e1t dostal do povedomia verejnosti ako plamenn\u00fd telev\u00edzny moder\u00e1tor a otvoren\u00fd kritik vl\u00e1dnucej triedy v krajine. Jeho drz\u00e1 osobnos\u0165 a antiestabli\u0161mentov\u00fd pr\u00edstup priniesli porovnanie s b\u00fdval\u00fdmi prezidentmi USA Donaldom Trumpom a Braz\u00edlie Jairom Bolsonarom.<\/p>\n\n\n\n<p>Pokia\u013e ide o ran\u00fd \u017eivot a vzdel\u00e1vanie, Javier Milei, naroden\u00fd v rodine s talianskymi kore\u0148mi v Buenos Aires, mal komplikovan\u00e9 detstvo s problematick\u00fdm vz\u0165ahom k rodi\u010dom. Jeho z\u00e1ujmy v mladosti zahr\u0148ovali hudbu a futbal, kde bol spev\u00e1kom a brank\u00e1rom. Po\u010das \u0161t\u00fadia ekon\u00f3mie na Univerzite Belgrano a n\u00e1sledn\u00fdch postgradu\u00e1lnych \u0161t\u00fadi\u00e1ch sa z keynesi\u00e1nskeho ekon\u00f3ma preorientoval na libertari\u00e1nske a klasick\u00e9 liber\u00e1lne ekonomick\u00e9 te\u00f3rie, in\u0161pirovan\u00fd Murrayom Rothbardom, F. A. Hayekom a Ludwigom von Misesom. Jeho prechod k libertari\u00e1nstvu bol ovplyvnen\u00fd sk\u00fasenos\u0165ami s hyperinfl\u00e1ciou v Argent\u00edne a roz\u010darovan\u00edm zo \u0161t\u00e1tnej regul\u00e1cie ekonomiky.<\/p>\n\n\n\n<p>Po ukon\u010den\u00ed form\u00e1lneho vzdelania za\u010dal Milei pracova\u0165 v s\u00fakromnom sektore ako ekon\u00f3m pre HSBC Argentina, jednu z najv\u00e4\u010d\u0161\u00edch b\u00e1nk v krajine, a ako hlavn\u00fd ekon\u00f3m M\u00e1xima AFJP, s\u00fakromn\u00e9ho d\u00f4chodkov\u00e9ho fondu, ktor\u00fd v 90. rokoch 20. storo\u010dia vytvoril vtedaj\u0161\u00ed minister hospod\u00e1rstva Domingo Cavallo a ktor\u00fd sl\u00fa\u017eil ako hlavn\u00e1 s\u00fa\u010das\u0165 argent\u00ednskeho syst\u00e9mu soci\u00e1lneho zabezpe\u010denia a\u017e do roku 2008, ke\u010f sa t\u00e1to zodpovednos\u0165 plne vr\u00e1tila \u0161t\u00e1tu. V tom istom roku sa Milei stal ekon\u00f3mom a finan\u010dn\u00fdm analytikom pre Corporaci\u00f3n Am\u00e9rica, ve\u013ek\u00fd konglomer\u00e1t kontrolovan\u00fd miliard\u00e1rom Eduardom Eurnekianom, ktor\u00fd okrem prev\u00e1dzkovania v\u00e4\u010d\u0161iny argent\u00ednskych let\u00edsk m\u00e1 z\u00e1ujmy v energetike, infra\u0161trukt\u00fare a po\u013enohospod\u00e1rstve. Milei p\u00f4sobil aj ako hlavn\u00fd ekon\u00f3m think tanku Fundaci\u00f3n Acordar a ako univerzitn\u00fd profesor. Na za\u010diatku svojej kari\u00e9ry Milei p\u00f4sobil ako poradca Antonia Bussiho, b\u00fdval\u00e9ho gener\u00e1la, ktor\u00fd bol v roku 2008 ods\u00faden\u00fd na do\u017eivotie za svoju \u00falohu v argent\u00ednskej \u0161pinavej vojne (1976 &#8211; 1983), a to po\u010das Bussiho p\u00f4sobenia vo funkcii guvern\u00e9ra provincie Tucum\u00e1n (1995 &#8211; 1999).<\/p>\n\n\n\n<p>V polovici roku 2010 za\u010dal Milei vystupova\u0165 v telev\u00edzii ako moder\u00e1tor, ktor\u00fd diskutuje o ekonomike a politike. Brojil proti administrat\u00edve prezidentov Cristiny Fern\u00e1ndezovej de Kirchnerovej, Mauricia Macriho a Alberta Fern\u00e1ndeza a odsudzoval vl\u00e1dnucu politick\u00fa elitu krajiny v zlostn\u00fdch, expres\u00edvnych re\u010diach, pri\u010dom ju charakterizoval ako skorumpovan\u00fdch zlodejov a ozna\u010dil ju za &#8222;politick\u00fa kastu&#8220;. Jeho telev\u00edzne vyst\u00fapenia sa st\u00e1vali \u010doraz ostrej\u0161\u00edmi a teatr\u00e1lnej\u0161\u00edmi, jeho sl\u00e1va r\u00e1stla. Pri jednej pr\u00edle\u017eitosti rozbil pi\u0148atu, ktor\u00e1 predstavovala argent\u00ednsku centr\u00e1lnu banku. Pri inom vyst\u00fapen\u00ed sa v\u017eil do \u00falohy maskovan\u00e9ho alter-ega superhrdinu gener\u00e1la Ancapa, vodcu fikt\u00edvnej &#8222;Liberlandie&#8220; (krajiny bez dan\u00ed), ktor\u00fd sa v opernej piesni rozpl\u00fdva nad nebezpe\u010denstvami argent\u00ednskej ekonomiky. Do roku 2018 sa stal \u010doraz \u010dastej\u0161\u00edm hos\u0165om telev\u00edznych a rozhlasov\u00fdch rel\u00e1ci\u00ed, kam ho poz\u00fdvali rovnako pre jeho z\u00e1bavn\u00fa hodnotu ako pre jeho rozh\u013eadenos\u0165 a rozhor\u010denie. S n\u00e1stupom celosvetovej pand\u00e9mie COVID-19 si Milei z\u00edskal \u010fal\u0161iu pozornos\u0165 kritikou postupu vl\u00e1dy v s\u00favislosti s epid\u00e9miou a vyjadren\u00edm skepsy v s\u00favislosti s vakc\u00ednou COVID-19.<a href=\"https:\/\/www.britannica.com\/biography\/Javier-Milei\">[3]<\/a><\/p>\n\n\n\n<p><strong>Ak\u00fd je z\u00e1ujem o jeho osobnos\u0165 a politiku?<\/strong><\/p>\n\n\n\n<p>Na z\u00e1klade predch\u00e1dzaj\u00facich inform\u00e1ci\u00ed sa vytv\u00e1ra ucelen\u00fd obraz, ktor\u00fd vedie Javier. Jeho pozoruhodn\u00e1 osobnos\u0165, \u017eivot, aktivity, sveton\u00e1zor sa mie\u0161aj\u00fa s kritick\u00fdmi probl\u00e9mami argent\u00ednskej politiky a ekonomiky, \u010do vo v\u00fdsledku d\u00e1va jeho vlasti \u00faplne nov\u00e9 kolo v\u00fdvoja. Napriek z\u00e1ujmu o samotn\u00fa osobu &#8222;El Loco&#8220; s\u00fa najzauj\u00edmavej\u0161ie jeho politick\u00e9 n\u00e1zory. Javier Milei je prv\u00fdm libertari\u00e1nskym prezidentom na svete! Nielen\u017ee dokonca podporuje anarchokapitalistick\u00fa ideol\u00f3giu (\u010do je na hlavu \u0161t\u00e1tu vlastne dos\u0165 zvl\u00e1\u0161tne), Milei sa \u010dasto nech\u00e1va pristihn\u00fa\u0165 so sl\u00e1vnou \u010dierno-\u017eltou vlajkou s hadom. Ako s\u00e1m Milei ubezpe\u010doval: &#8222;<em>Pre m\u0148a je \u0161t\u00e1t zloduch, rovnako ako politici, ktor\u00ed \u017eij\u00fa na jeho \u00fakor<\/em>&#8222;.<a href=\"https:\/\/www.youtube.com\/watch?v=_or7WsE9CpU\">[4]<\/a> V skuto\u010dnosti bol jeho radikalizmus k\u013e\u00fa\u010dom k \u00faspechu. Popularitu mu priniesli jeho plamenn\u00e9 prejavy, v ktor\u00fdch niekedy bez hanby pou\u017e\u00edva vulg\u00e1rne v\u00fdrazy. Obyvatelia Argent\u00edny, unaven\u00ed rekordnou infl\u00e1ciou, jednoducho potrebovali tak\u00e9hoto \u010dloveka, \u010dloveka sebavedom\u00e9ho, ideologicky zalo\u017een\u00e9ho, horiaceho t\u00fa\u017ebou vyvies\u0165 krajinu z biedy. Javier sebavedomo obhajuje svoj n\u00e1zor, je tvrdou opoz\u00edciou vo\u010di vtedaj\u0161ej vl\u00e1de. Je zrejm\u00e9, \u017ee pozornos\u0165 verejnosti up\u00fatal pr\u00e1ve on, ve\u010f nie ka\u017ed\u00fd de\u0148 sa vid\u00ed, aby sa prezidentom krajiny stal \u010dlovek s prez\u00fdvkou &#8222;bl\u00e1zon&#8220;, ktor\u00fd m\u00e1va motorovou p\u00edlou a vykrikuje, \u017ee \u0161t\u00e1t by nemal existova\u0165 (o tom, \u017ee sa pova\u017euje za tantrick\u00e9ho sexu\u00e1lneho guru a po\u010d\u00fava rady m\u0155tveho psa, sa, mysl\u00edm, ani ned\u00e1 hovori\u0165). O jeho osobnosti sa m\u00f4\u017eeme h\u00e1da\u0165 donekone\u010dna, ale ak\u00e1 je jeho politika v praxi?<a href=\"http:\/\/Z\u00c1LEZ, J.L. El loco: La vida desconocida de Javier Milei y su irrupci\u00f3n en la pol\u00edtica argentina. [s.l.]: Editorial Planeta, 2023\">[5]<\/a><\/p>\n\n\n\n<p><strong>Vyhliadky do bud\u00facnosti<\/strong><\/p>\n\n\n\n<p>&#8222;<em>Nikdy nemysl\u00edm na bud\u00facnos\u0165, pr\u00edde aj tak dos\u0165 skoro<\/em>.&#8220;<a href=\"https:\/\/citaty-slavnych.sk\/citaty-o-buducnosti\/\">[6]<\/a>\u00a0 \u2013 hovoril Albert Einstein. Nikto nem\u00f4\u017ee vedie\u0165, \u010do sa stane v bud\u00facnosti, ale napriek tomu je mo\u017en\u00e9 pok\u00fasi\u0165 sa predpoveda\u0165 bud\u00facnos\u0165 Argent\u00edny, ak pozn\u00e1me podstatu politick\u00fdch reforiem Javiera Mileia.<\/p>\n\n\n\n<p><strong>Hospod\u00e1rstvo:<\/strong> Navrhuje radik\u00e1lne hospod\u00e1rske reformy vr\u00e1tane zn\u00ed\u017eenia po\u010dtu ministerstiev a postupn\u00e9ho zru\u0161enia soci\u00e1lnych programov. K\u013e\u00fa\u010dov\u00e9 ekonomick\u00e9 n\u00e1vrhy zah\u0155\u0148aj\u00fa dolariz\u00e1ciu a &#8222;sp\u00e1lenie&#8220; centr\u00e1lnej banky.<\/p>\n\n\n\n<p><strong>Bezpe\u010dnos\u0165:<\/strong> Milei m\u00e1 v \u00famysle presk\u00fama\u0165 zn\u00ed\u017eenie veku trestnej zodpovednosti a regul\u00e1ciu trhu s leg\u00e1lnymi zbra\u0148ami. Navrhuje tie\u017e vybavenie, v\u00fdcvik a technol\u00f3gie pre bezpe\u010dnostn\u00e9 sily.<\/p>\n\n\n\n<p><strong>Zahrani\u010dn\u00e1 politika:<\/strong> Uprednost\u0148uje spolupr\u00e1cu s USA a Izraelom a navrhuje vyst\u00fapenie Argent\u00edny z Mercosuru. Uprednost\u0148uje tie\u017e proz\u00e1padn\u00fa politiku, t. j. posilnenie vz\u0165ahov s USA, podporu Ukrajiny v rusko-ukrajinskej vojne a opatrnos\u0165 vo\u010di \u010c\u00edne.<\/p>\n\n\n\n<p><strong>Vzdel\u00e1vanie a zdravotn\u00edctvo:<\/strong> Milei pl\u00e1nuje zl\u00fa\u010di\u0165 ministerstv\u00e1 \u0161kolstva a zdravotn\u00edctva do jedn\u00e9ho, navrhuje syst\u00e9m vzdel\u00e1vac\u00edch poukazov a model poistenia pre zdravotn\u00edctvo.<\/p>\n\n\n\n<p><strong>Demokracia a \u013eudsk\u00e9 pr\u00e1va:<\/strong> Je proti niektor\u00fdm dohod\u00e1m dosiahnut\u00fdm po diktat\u00fare a spochyb\u0148uje \u0161t\u00e1tny terorizmus po\u010das diktat\u00fary.\u00a0\u00a0<\/p>\n\n\n\n<p><strong>Z\u00e1ver&nbsp;<\/strong><\/p>\n\n\n\n<p>Javier Milei. Je jednozna\u010dn\u00e9, \u017ee jeho osoba je kontroverzn\u00e1 a \u0161kandal\u00f3zna. Odporcovia bud\u00fa tvrdi\u0165, \u017ee ide o skuto\u010dne \u0161ialen\u00e9ho \u010dloveka, ktor\u00fd zruinuje Argent\u00ednu, zatia\u013e \u010do t\u00ed, ktor\u00ed ho podporuj\u00fa, povedia, \u017ee Javier je politik, ktor\u00fd sa zap\u00ed\u0161e do dej\u00edn ako \u010dlovek, ktor\u00fd obr\u00e1til politick\u00fa hru na celom svete. Obidvom sa d\u00e1 rozumie\u0165, preto\u017ee na jednej strane je to radik\u00e1lny anarchokapitalista, ktor\u00fd nad\u00e1va a m\u00e1 vo svojom \u017eivotopise ve\u013ea sporn\u00fdch momentov, ale na druhej strane je to vzdelan\u00fd \u010dlovek, schopn\u00fd ekon\u00f3m, sk\u00fasen\u00fd re\u010dn\u00edk a politik, ktor\u00fd skuto\u010dne sn\u00edva o tom, \u017ee svoj sen uskuto\u010dn\u00ed. Fenomen\u00e1lnos\u0165 tohto politika spo\u010d\u00edva v zmesi v\u0161etk\u00fdch t\u00fdchto vlastnost\u00ed a je z\u00e1rove\u0148 prv\u00fdm libertari\u00e1nskym prezidentom na svete. El Loco je viac ne\u017e len \u0161ialen\u00fd politik, je to vzor. Jeho cesta m\u00f4\u017ee in\u0161pirova\u0165 ka\u017ed\u00e9ho. Verejnos\u0165ou nepochopen\u00fd podiv\u00ednsky opozi\u010dn\u00edk sa dostal o k\u00fasok bli\u017e\u0161ie k svojmu snu, ke\u010f sa stal prezidentom Argent\u00edny. Podar\u00ed sa mu v\u0161ak uskuto\u010dni\u0165 svoju politiku? Podar\u00ed sa mu zmeni\u0165 Argent\u00ednu na nepoznanie? Podar\u00ed sa mu navzdory svojim kritikom dosta\u0165 ekonomiku z kolien? Bude svet po pr\u00edchode Javiera Mileia rovnak\u00fd? Na tieto ot\u00e1zky m\u00f4\u017ee odpoveda\u0165 len \u010das.\u00a0<\/p>\n\n\n\n<hr class=\"wp-block-separator has-alpha-channel-opacity\"\/>\n\n\n\n<p><strong>Zdroje:<\/strong><\/p>\n\n\n\n<p>[1] LACINA, Ji\u0159\u00ed. Bohat\u00fd jako Argentinec? To u\u017e neplat\u00ed. \u00dapadek t\u00e9to zem\u011b je t\u011b\u017eko pochopiteln\u00fd. In: idnes.cz [online]. [cit. 2024-02-25]. Dostupn\u00e9 na internete: https:\/\/www.idnes.cz\/ekonomika\/zahranicni\/argentina-hdp-inflace-rozvoj-chudoba-problemy.A230323_135746_eko-zahranicni_jla<\/p>\n\n\n\n<p>[2] TOBIAS, Manuela. Argentina\u2019s Inflation Hits 211% in 2023, Fastest Gain in Three Decades. In: Bloomberg [online]. [cit. 2024-02-25]. Dostupn\u00e9 na internete: https:\/\/www.bloomberg.com\/news\/articles\/2024-01-11\/argentina-inflation-hits-211-in-2023-fastest-in-three-decades?embedded-checkout=true <\/p>\n\n\n\n<p>[3] WALLENFELDT, Jeff. Javier Milei. President of Argentina. In: Britannica [online]. [cit. 2024-02-25]. Dostupn\u00e9 na internete: https:\/\/www.britannica.com\/biography\/Javier-Milei<\/p>\n\n\n\n<p>[4] LA NACION. La entrevista completa de Javier Milei con Jonatan Viale [online]. In: YouTube [online]. 2023-08-16 [2024-02-25]. Dostupn\u00e9 na: https:\/\/www.youtube.com\/watch?v=_or7WsE9CpU<\/p>\n\n\n\n<p>[5] GONZ\u00c1LEZ, Juan Luis. El loco: La vida desconocida de Javier Milei y su irrupci\u00f3n en la pol\u00edtica argentina. [s.l.]: Editorial Planeta, 2023. ISBN 978-950-49-8289-0.<\/p>\n\n\n\n<p>[6] Cit\u00e1ty o bud\u00facnosti. In: citaty-slavnych.sk [online]. [cit. 2024-02-25]. Dostupn\u00e9 na internete: https:\/\/citaty-slavnych.sk\/citaty-o-buducnosti\/<\/p>\n\n\n\n<p>[7] LAMBERTUCCI, CONSTANZA. Javier Milei\u2019s proposals for Argentina: Economy, security, foreign policy and human rights. In: EL PA\u00cdS [online]. [cit. 2024-02-25]. Dostupn\u00e9 na internete: https:\/\/english.elpais.com\/international\/2023-11-20\/javier-mileis-proposals-for-argentina-economy-security-foreign-policy-and-human-rights.html#<\/p>\n","protected":false},"excerpt":{"rendered":"<p>\u00davod Argent\u00edna je po Braz\u00edlii druhou najv\u00e4\u010d\u0161ou krajinou Ju\u017enej Ameriky z h\u013eadiska rozlohy a tre\u0165ou najv\u00e4\u010d\u0161ou krajinou z h\u013eadiska po\u010dtu obyvate\u013eov po Braz\u00edlii a Kolumbii. Krajina je historicky a kult\u00farne bohat\u00e1. Krajina, ktor\u00e1 je zn\u00e1ma svojou kontroverznou a dynamickou politikou. D\u0148a 10. decembra 2023 sa na \u010delo tejto krajiny postavil mu\u017e s prav\u00fdm argent\u00ednskym temperamentom, [&hellip;]<\/p>\n","protected":false},"author":29,"featured_media":0,"comment_status":"open","ping_status":"open","sticky":false,"template":"","format":"standard","meta":{"_monsterinsights_skip_tracking":false,"_monsterinsights_sitenote_active":false,"_monsterinsights_sitenote_note":"","_monsterinsights_sitenote_category":0,"footnotes":""},"categories":[5],"tags":[],"class_list":["post-809","post","type-post","status-publish","format-standard","hentry","category-analyzy"],"yoast_head":"<!-- This site is optimized with the Yoast SEO plugin v26.8 - https:\/\/yoast.com\/product\/yoast-seo-wordpress\/ -->\n<title>Fenom\u00e9n argent\u00ednskeho prezidenta Javiera Milei - RE:PUB<\/title>\n<meta name=\"robots\" content=\"index, follow, max-snippet:-1, max-image-preview:large, max-video-preview:-1\" \/>\n<link rel=\"canonical\" href=\"https:\/\/www.repub.sk\/?p=809\" \/>\n<meta property=\"og:locale\" content=\"sk_SK\" \/>\n<meta property=\"og:type\" content=\"article\" \/>\n<meta property=\"og:title\" content=\"Fenom\u00e9n argent\u00ednskeho prezidenta Javiera Milei - RE:PUB\" \/>\n<meta property=\"og:description\" content=\"\u00davod Argent\u00edna je po Braz\u00edlii druhou najv\u00e4\u010d\u0161ou krajinou Ju\u017enej Ameriky z h\u013eadiska rozlohy a tre\u0165ou najv\u00e4\u010d\u0161ou krajinou z h\u013eadiska po\u010dtu obyvate\u013eov po Braz\u00edlii a Kolumbii. Krajina je historicky a kult\u00farne bohat\u00e1. Krajina, ktor\u00e1 je zn\u00e1ma svojou kontroverznou a dynamickou politikou. D\u0148a 10. decembra 2023 sa na \u010delo tejto krajiny postavil mu\u017e s prav\u00fdm argent\u00ednskym temperamentom, [&hellip;]\" \/>\n<meta property=\"og:url\" content=\"https:\/\/www.repub.sk\/?p=809\" \/>\n<meta property=\"og:site_name\" content=\"RE:PUB\" \/>\n<meta property=\"article:published_time\" content=\"2024-02-29T17:47:00+00:00\" \/>\n<meta property=\"og:image\" content=\"https:\/\/www.repub.sk\/wp-content\/uploads\/2024\/02\/image.png\" \/>\n<meta name=\"author\" content=\"Vladyslav Marchenko\" \/>\n<meta name=\"twitter:card\" content=\"summary_large_image\" \/>\n<meta name=\"twitter:label1\" content=\"Autor\" \/>\n\t<meta name=\"twitter:data1\" content=\"Vladyslav Marchenko\" \/>\n\t<meta name=\"twitter:label2\" content=\"Predpokladan\u00fd \u010das \u010d\u00edtania\" \/>\n\t<meta name=\"twitter:data2\" content=\"9 min\u00fat\" \/>\n<script type=\"application\/ld+json\" class=\"yoast-schema-graph\">{\"@context\":\"https:\/\/schema.org\",\"@graph\":[{\"@type\":\"Article\",\"@id\":\"https:\/\/www.repub.sk\/?p=809#article\",\"isPartOf\":{\"@id\":\"https:\/\/www.repub.sk\/?p=809\"},\"author\":{\"name\":\"Vladyslav Marchenko\",\"@id\":\"https:\/\/www.repub.sk\/#\/schema\/person\/5f372fb1bbd4d40c3f34d46e5bd02e16\"},\"headline\":\"Fenom\u00e9n argent\u00ednskeho prezidenta Javiera Milei\",\"datePublished\":\"2024-02-29T17:47:00+00:00\",\"mainEntityOfPage\":{\"@id\":\"https:\/\/www.repub.sk\/?p=809\"},\"wordCount\":1991,\"commentCount\":0,\"publisher\":{\"@id\":\"https:\/\/www.repub.sk\/#organization\"},\"image\":{\"@id\":\"https:\/\/www.repub.sk\/?p=809#primaryimage\"},\"thumbnailUrl\":\"https:\/\/www.repub.sk\/wp-content\/uploads\/2024\/02\/image.png\",\"articleSection\":[\"ANAL\u00ddZY\"],\"inLanguage\":\"sk-SK\",\"potentialAction\":[{\"@type\":\"CommentAction\",\"name\":\"Comment\",\"target\":[\"https:\/\/www.repub.sk\/?p=809#respond\"]}]},{\"@type\":\"WebPage\",\"@id\":\"https:\/\/www.repub.sk\/?p=809\",\"url\":\"https:\/\/www.repub.sk\/?p=809\",\"name\":\"Fenom\u00e9n argent\u00ednskeho prezidenta Javiera Milei - RE:PUB\",\"isPartOf\":{\"@id\":\"https:\/\/www.repub.sk\/#website\"},\"primaryImageOfPage\":{\"@id\":\"https:\/\/www.repub.sk\/?p=809#primaryimage\"},\"image\":{\"@id\":\"https:\/\/www.repub.sk\/?p=809#primaryimage\"},\"thumbnailUrl\":\"https:\/\/www.repub.sk\/wp-content\/uploads\/2024\/02\/image.png\",\"datePublished\":\"2024-02-29T17:47:00+00:00\",\"breadcrumb\":{\"@id\":\"https:\/\/www.repub.sk\/?p=809#breadcrumb\"},\"inLanguage\":\"sk-SK\",\"potentialAction\":[{\"@type\":\"ReadAction\",\"target\":[\"https:\/\/www.repub.sk\/?p=809\"]}]},{\"@type\":\"ImageObject\",\"inLanguage\":\"sk-SK\",\"@id\":\"https:\/\/www.repub.sk\/?p=809#primaryimage\",\"url\":\"https:\/\/www.repub.sk\/wp-content\/uploads\/2024\/02\/image.png\",\"contentUrl\":\"https:\/\/www.repub.sk\/wp-content\/uploads\/2024\/02\/image.png\",\"width\":733,\"height\":412},{\"@type\":\"BreadcrumbList\",\"@id\":\"https:\/\/www.repub.sk\/?p=809#breadcrumb\",\"itemListElement\":[{\"@type\":\"ListItem\",\"position\":1,\"name\":\"Home\",\"item\":\"https:\/\/www.repub.sk\/\"},{\"@type\":\"ListItem\",\"position\":2,\"name\":\"Fenom\u00e9n argent\u00ednskeho prezidenta Javiera Milei\"}]},{\"@type\":\"WebSite\",\"@id\":\"https:\/\/www.repub.sk\/#website\",\"url\":\"https:\/\/www.repub.sk\/\",\"name\":\"RE:PUB\",\"description\":\"\u0161tudentsk\u00fd \u010dasopis\",\"publisher\":{\"@id\":\"https:\/\/www.repub.sk\/#organization\"},\"potentialAction\":[{\"@type\":\"SearchAction\",\"target\":{\"@type\":\"EntryPoint\",\"urlTemplate\":\"https:\/\/www.repub.sk\/?s={search_term_string}\"},\"query-input\":{\"@type\":\"PropertyValueSpecification\",\"valueRequired\":true,\"valueName\":\"search_term_string\"}}],\"inLanguage\":\"sk-SK\"},{\"@type\":\"Organization\",\"@id\":\"https:\/\/www.repub.sk\/#organization\",\"name\":\"RE:PUB\",\"url\":\"https:\/\/www.repub.sk\/\",\"logo\":{\"@type\":\"ImageObject\",\"inLanguage\":\"sk-SK\",\"@id\":\"https:\/\/www.repub.sk\/#\/schema\/logo\/image\/\",\"url\":\"https:\/\/www.repub.sk\/wp-content\/uploads\/2024\/08\/repub-logo.png\",\"contentUrl\":\"https:\/\/www.repub.sk\/wp-content\/uploads\/2024\/08\/repub-logo.png\",\"width\":427,\"height\":426,\"caption\":\"RE:PUB\"},\"image\":{\"@id\":\"https:\/\/www.repub.sk\/#\/schema\/logo\/image\/\"}},{\"@type\":\"Person\",\"@id\":\"https:\/\/www.repub.sk\/#\/schema\/person\/5f372fb1bbd4d40c3f34d46e5bd02e16\",\"name\":\"Vladyslav Marchenko\",\"image\":{\"@type\":\"ImageObject\",\"inLanguage\":\"sk-SK\",\"@id\":\"https:\/\/www.repub.sk\/#\/schema\/person\/image\/\",\"url\":\"https:\/\/secure.gravatar.com\/avatar\/07822bdbcc79480c1ea1f38894b034aef44422340c6e944a6b308f4eba0f591e?s=96&d=mm&r=g\",\"contentUrl\":\"https:\/\/secure.gravatar.com\/avatar\/07822bdbcc79480c1ea1f38894b034aef44422340c6e944a6b308f4eba0f591e?s=96&d=mm&r=g\",\"caption\":\"Vladyslav Marchenko\"},\"url\":\"https:\/\/www.repub.sk\/?author=29\"}]}<\/script>\n<!-- \/ Yoast SEO plugin. -->","yoast_head_json":{"title":"Fenom\u00e9n argent\u00ednskeho prezidenta Javiera Milei - RE:PUB","robots":{"index":"index","follow":"follow","max-snippet":"max-snippet:-1","max-image-preview":"max-image-preview:large","max-video-preview":"max-video-preview:-1"},"canonical":"https:\/\/www.repub.sk\/?p=809","og_locale":"sk_SK","og_type":"article","og_title":"Fenom\u00e9n argent\u00ednskeho prezidenta Javiera Milei - RE:PUB","og_description":"\u00davod Argent\u00edna je po Braz\u00edlii druhou najv\u00e4\u010d\u0161ou krajinou Ju\u017enej Ameriky z h\u013eadiska rozlohy a tre\u0165ou najv\u00e4\u010d\u0161ou krajinou z h\u013eadiska po\u010dtu obyvate\u013eov po Braz\u00edlii a Kolumbii. Krajina je historicky a kult\u00farne bohat\u00e1. Krajina, ktor\u00e1 je zn\u00e1ma svojou kontroverznou a dynamickou politikou. D\u0148a 10. decembra 2023 sa na \u010delo tejto krajiny postavil mu\u017e s prav\u00fdm argent\u00ednskym temperamentom, [&hellip;]","og_url":"https:\/\/www.repub.sk\/?p=809","og_site_name":"RE:PUB","article_published_time":"2024-02-29T17:47:00+00:00","og_image":[{"url":"https:\/\/www.repub.sk\/wp-content\/uploads\/2024\/02\/image.png","type":"","width":"","height":""}],"author":"Vladyslav Marchenko","twitter_card":"summary_large_image","twitter_misc":{"Autor":"Vladyslav Marchenko","Predpokladan\u00fd \u010das \u010d\u00edtania":"9 min\u00fat"},"schema":{"@context":"https:\/\/schema.org","@graph":[{"@type":"Article","@id":"https:\/\/www.repub.sk\/?p=809#article","isPartOf":{"@id":"https:\/\/www.repub.sk\/?p=809"},"author":{"name":"Vladyslav Marchenko","@id":"https:\/\/www.repub.sk\/#\/schema\/person\/5f372fb1bbd4d40c3f34d46e5bd02e16"},"headline":"Fenom\u00e9n argent\u00ednskeho prezidenta Javiera Milei","datePublished":"2024-02-29T17:47:00+00:00","mainEntityOfPage":{"@id":"https:\/\/www.repub.sk\/?p=809"},"wordCount":1991,"commentCount":0,"publisher":{"@id":"https:\/\/www.repub.sk\/#organization"},"image":{"@id":"https:\/\/www.repub.sk\/?p=809#primaryimage"},"thumbnailUrl":"https:\/\/www.repub.sk\/wp-content\/uploads\/2024\/02\/image.png","articleSection":["ANAL\u00ddZY"],"inLanguage":"sk-SK","potentialAction":[{"@type":"CommentAction","name":"Comment","target":["https:\/\/www.repub.sk\/?p=809#respond"]}]},{"@type":"WebPage","@id":"https:\/\/www.repub.sk\/?p=809","url":"https:\/\/www.repub.sk\/?p=809","name":"Fenom\u00e9n argent\u00ednskeho prezidenta Javiera Milei - RE:PUB","isPartOf":{"@id":"https:\/\/www.repub.sk\/#website"},"primaryImageOfPage":{"@id":"https:\/\/www.repub.sk\/?p=809#primaryimage"},"image":{"@id":"https:\/\/www.repub.sk\/?p=809#primaryimage"},"thumbnailUrl":"https:\/\/www.repub.sk\/wp-content\/uploads\/2024\/02\/image.png","datePublished":"2024-02-29T17:47:00+00:00","breadcrumb":{"@id":"https:\/\/www.repub.sk\/?p=809#breadcrumb"},"inLanguage":"sk-SK","potentialAction":[{"@type":"ReadAction","target":["https:\/\/www.repub.sk\/?p=809"]}]},{"@type":"ImageObject","inLanguage":"sk-SK","@id":"https:\/\/www.repub.sk\/?p=809#primaryimage","url":"https:\/\/www.repub.sk\/wp-content\/uploads\/2024\/02\/image.png","contentUrl":"https:\/\/www.repub.sk\/wp-content\/uploads\/2024\/02\/image.png","width":733,"height":412},{"@type":"BreadcrumbList","@id":"https:\/\/www.repub.sk\/?p=809#breadcrumb","itemListElement":[{"@type":"ListItem","position":1,"name":"Home","item":"https:\/\/www.repub.sk\/"},{"@type":"ListItem","position":2,"name":"Fenom\u00e9n argent\u00ednskeho prezidenta Javiera Milei"}]},{"@type":"WebSite","@id":"https:\/\/www.repub.sk\/#website","url":"https:\/\/www.repub.sk\/","name":"RE:PUB","description":"\u0161tudentsk\u00fd \u010dasopis","publisher":{"@id":"https:\/\/www.repub.sk\/#organization"},"potentialAction":[{"@type":"SearchAction","target":{"@type":"EntryPoint","urlTemplate":"https:\/\/www.repub.sk\/?s={search_term_string}"},"query-input":{"@type":"PropertyValueSpecification","valueRequired":true,"valueName":"search_term_string"}}],"inLanguage":"sk-SK"},{"@type":"Organization","@id":"https:\/\/www.repub.sk\/#organization","name":"RE:PUB","url":"https:\/\/www.repub.sk\/","logo":{"@type":"ImageObject","inLanguage":"sk-SK","@id":"https:\/\/www.repub.sk\/#\/schema\/logo\/image\/","url":"https:\/\/www.repub.sk\/wp-content\/uploads\/2024\/08\/repub-logo.png","contentUrl":"https:\/\/www.repub.sk\/wp-content\/uploads\/2024\/08\/repub-logo.png","width":427,"height":426,"caption":"RE:PUB"},"image":{"@id":"https:\/\/www.repub.sk\/#\/schema\/logo\/image\/"}},{"@type":"Person","@id":"https:\/\/www.repub.sk\/#\/schema\/person\/5f372fb1bbd4d40c3f34d46e5bd02e16","name":"Vladyslav Marchenko","image":{"@type":"ImageObject","inLanguage":"sk-SK","@id":"https:\/\/www.repub.sk\/#\/schema\/person\/image\/","url":"https:\/\/secure.gravatar.com\/avatar\/07822bdbcc79480c1ea1f38894b034aef44422340c6e944a6b308f4eba0f591e?s=96&d=mm&r=g","contentUrl":"https:\/\/secure.gravatar.com\/avatar\/07822bdbcc79480c1ea1f38894b034aef44422340c6e944a6b308f4eba0f591e?s=96&d=mm&r=g","caption":"Vladyslav Marchenko"},"url":"https:\/\/www.repub.sk\/?author=29"}]}},"_links":{"self":[{"href":"https:\/\/www.repub.sk\/index.php?rest_route=\/wp\/v2\/posts\/809","targetHints":{"allow":["GET"]}}],"collection":[{"href":"https:\/\/www.repub.sk\/index.php?rest_route=\/wp\/v2\/posts"}],"about":[{"href":"https:\/\/www.repub.sk\/index.php?rest_route=\/wp\/v2\/types\/post"}],"author":[{"embeddable":true,"href":"https:\/\/www.repub.sk\/index.php?rest_route=\/wp\/v2\/users\/29"}],"replies":[{"embeddable":true,"href":"https:\/\/www.repub.sk\/index.php?rest_route=%2Fwp%2Fv2%2Fcomments&post=809"}],"version-history":[{"count":2,"href":"https:\/\/www.repub.sk\/index.php?rest_route=\/wp\/v2\/posts\/809\/revisions"}],"predecessor-version":[{"id":812,"href":"https:\/\/www.repub.sk\/index.php?rest_route=\/wp\/v2\/posts\/809\/revisions\/812"}],"wp:attachment":[{"href":"https:\/\/www.repub.sk\/index.php?rest_route=%2Fwp%2Fv2%2Fmedia&parent=809"}],"wp:term":[{"taxonomy":"category","embeddable":true,"href":"https:\/\/www.repub.sk\/index.php?rest_route=%2Fwp%2Fv2%2Fcategories&post=809"},{"taxonomy":"post_tag","embeddable":true,"href":"https:\/\/www.repub.sk\/index.php?rest_route=%2Fwp%2Fv2%2Ftags&post=809"}],"curies":[{"name":"wp","href":"https:\/\/api.w.org\/{rel}","templated":true}]}}