{"id":659,"date":"2023-10-31T21:37:00","date_gmt":"2023-10-31T20:37:00","guid":{"rendered":"https:\/\/www.repub.sk\/?p=659"},"modified":"2024-08-25T14:26:02","modified_gmt":"2024-08-25T12:26:02","slug":"stava-sa-ustava-slovenskej-republiky-trhacim-kalendarom","status":"publish","type":"post","link":"https:\/\/www.repub.sk\/?p=659","title":{"rendered":"St\u00e1va sa \u00fastava Slovenskej republiky \u201etrhac\u00edm kalend\u00e1rom?\u201c"},"content":{"rendered":"\n<p><em>\u201eVysok\u00e1 intenzita pokusov o zmeny a doplnenia \u00dastavy Slovenskej republiky zaznamenan\u00fdch v uplynul\u00fdch dvadsiatich rokoch, ktor\u00e9 boli nie zriedka motivovan\u00e9 osobn\u00fdm exhibicionizmom ich inici\u00e1torov, \u00fazko stran\u00edckymi z\u00e1ujmami, \u010di neskr\u00fdvanou \u00fa\u010delovos\u0165ou a nie \u00faprimnou snahou skvalitni\u0165 a modernizova\u0165 \u00fastavn\u00fd text, signalizuj\u00fa absenciu element\u00e1rnej \u00facty k z\u00e1kladn\u00e9mu z\u00e1konu \u0161t\u00e1tu u podstatnej \u010dasti politickej reprezent\u00e1cie.\u201c<\/em><a href=\"https:\/\/www.ustavnysud.sk\/documents\/10182\/992164\/konferencia+ke+2012+pr%C3%ADspevok.pdf\/7a8b7eeb-35fe-47c0-ae90-5a9564863d36\">[1]<\/a><\/p>\n\n\n\n<p>Ur\u00fdchlen\u00fd proces prijatia \u00dastavy Slovenskej republiky (\u010falej len <em>\u201e\u00fastava\u201c<\/em>) mohol do bud\u00facnosti nazna\u010di\u0165 pr\u00edstup \u00fastavodarcu k z\u00e1kladn\u00e9mu z\u00e1konu \u0161t\u00e1tu. Politick\u00e9 a spolo\u010densk\u00e9 okolnosti prij\u00edmania prispeli k nedostatkom \u00fastavn\u00e9ho textu, \u010do \u00fastavodarcovi pon\u00faklo priestor a potrebu do bud\u00facna meni\u0165 a dop\u013a\u0148a\u0165 \u00fastavu. Celkovo bola do decembra 2022 \u00fastava zmenen\u00e1 dvadsa\u0165kr\u00e1t a jedenkr\u00e1t do nej zasiahol \u00dastavn\u00fd s\u00fad Slovenskej republiky. Kvantita noviel av\u0161ak nesved\u010d\u00ed o nekvalite p\u00f4vodn\u00e9ho \u00fastavn\u00e9ho textu; pr\u00e1ve naopak, \u00fastava po\u010das svojej tridsa\u0165ro\u010dnej existencie jednozna\u010dne preuk\u00e1zala svoju silu najm\u00e4 v nepredv\u00eddan\u00fdch situ\u00e1ci\u00e1ch. Z tohto d\u00f4vodu by som vyl\u00fa\u010dil i ak\u00e9ko\u013evek \u00favahy o potrebe prijatia novej \u00fastavnej mat\u00e9rie.<\/p>\n\n\n\n<p>Za \u00favahu, av\u0161ak, stoj\u00ed v\u00e4\u010d\u0161ie zrig\u00eddnenie \u00fastavy. S\u00fa\u010dasn\u00fd postup zmeny \u00fastavy je od ostatn\u00fdch legislat\u00edvnych aktov \u00fastavodarcu, ktor\u00fd je v podmienkach Slovenskej republiky z\u00e1rove\u0148 i z\u00e1konodarcom, odl\u00ed\u0161en\u00fd len zv\u00fd\u0161en\u00edm prij\u00edmacieho kv\u00f3ra tzv. kvalifikovan\u00e1 v\u00e4\u010d\u0161ina, t. j. 3\/5 poslancov N\u00e1rodnej rady Slovenskej republiky (\u010falej len <em>\u201en\u00e1rodn\u00e1 rada\u201c<\/em>). Zv\u00e4\u010d\u0161enie tohto kv\u00f3ra podporuje i fakt, \u017ee len 3 koal\u00edcie z celkov\u00fdch 12 koal\u00edcii na Slovensku mali \u00fastavn\u00fa v\u00e4\u010d\u0161inu, no napriek tomu do\u0161lo a\u017e k dvadsiatim noveliz\u00e1ci\u00e1m. Na druhej strane je d\u00f4le\u017eit\u00e9 pred\u00eds\u0165 \u00fapln\u00e9mu zablokovaniu noveliz\u00e1cie \u00fastavy. Novela \u00fastavy by mala by\u0165 podporovan\u00e1 naprie\u010d politick\u00fdm spektrom, nielen vl\u00e1dnucou garnit\u00farou. Na mieste je i \u00favaha zachovania kvalifikovanej v\u00e4\u010d\u0161iny v procese prij\u00edmania \u00fastavy, no v kone\u010dnom \u0161t\u00e1diu by ak\u00e9ko\u013evek zmeny potvrdzoval zdroj \u0161t\u00e1tnej moci, ob\u010dania Slovenskej republiky, prostredn\u00edctvom referenda. Len\u017ee s vedom\u00edm hist\u00f3rie referend na Slovensku a politickej negramotnosti priemern\u00e9ho ob\u010dana t\u00e1to mo\u017enos\u0165 by mohla sp\u00f4sobi\u0165 zablokovanie prij\u00edmania \u00fastavn\u00fdch zmien. Za \u010fal\u0161\u00ed probl\u00e9m pova\u017eujem mo\u017enos\u0165 vyu\u017eitia skr\u00e1ten\u00e9ho legislat\u00edvneho konania pri prij\u00edman\u00ed \u00fastavn\u00fdch textov. V takomto pr\u00edpade bola \u00fastava zmenen\u00e1 alebo doplnen\u00e1 najmenej \u0161es\u0165kr\u00e1t.<a href=\"https:\/\/www.teraz.sk\/slovensko\/i-fiacan-slovenska-ustava-obstala\/657620-clanok.html\">[2]<\/a> Okrem in\u00e9ho by \u00fastava mala prejs\u0165 aj dlh\u0161\u00edm legislat\u00edvnym procesom, t. z. medzi jednotliv\u00fdmi \u010d\u00edtaniami by mali by\u0165 dlh\u0161ie rozostupy. T\u00fdm by sa cel\u00fd proces skomplikoval a \u010dasom by do\u0161lo k vytriezveniu prvotn\u00e9ho nad\u0161enia predkladate\u013eov a zv\u00e1\u017eeniu intenz\u00edvnej potreby prijatia konkr\u00e9tnej novely, resp. k prediskutovaniu novely v r\u00e1mci spolo\u010dnosti a odborn\u00fdch kruhoch.<\/p>\n\n\n\n<p>\u00dastava je z\u00e1rove\u0148 i odrazom politickej kult\u00fary slovensk\u00fdch politikov. Len m\u00e1lokedy \u00fastava ust\u00e1la svojv\u00f4\u013eu politickej garnit\u00fary. Politici si do \u00fastavy presadzuj\u00fa konkr\u00e9tne formulovan\u00e9 \u010dl\u00e1nky, ktor\u00e9 s\u00fa zbyto\u010dn\u00e9. \u00dastava m\u00e1 by\u0165 formulovan\u00e1 abstraktne a v\u00e1gne, aby dala priestor na vysvet\u013eovanie pri r\u00f4znych situ\u00e1ci\u00e1ch. \u00dastavn\u00ed akt\u00e9ri by mali ma\u0165 ist\u00fa mieru slobodn\u00e9ho v\u00fdkladu \u00fastavy a zv\u00e1\u017eenie mo\u017enosti aplik\u00e1cie \u00fastavn\u00fdch \u010dl\u00e1nkov na dan\u00fa situ\u00e1ciu. \u00dastavodarca mus\u00ed uzna\u0165, \u017ee nie je v jeho kompetencii predpoveda\u0165 mo\u017en\u00e9 bud\u00face situ\u00e1cie a preto by nemal presne a taxat\u00edvne formulova\u0165 \u00fastavu. \u00dastava uk\u00e1zala svoju kvalitu a pripravenos\u0165 najm\u00e4 v prvom desa\u0165ro\u010d\u00ed jej fungovania. Od roku 1992 do roku 2002 boli prijat\u00e9 len 3 novely \u00fastavy a to dokonca v obdob\u00ed, ke\u010f prezidentsk\u00fd \u00farad nebol obsaden\u00fd vy\u0161e jedn\u00e9ho roka.<\/p>\n\n\n\n<p>\u00dastava potvrdila svoju silu a kvalitu po\u010das jej existencie. Aj ke\u010f bola prij\u00edman\u00e1 za nepredv\u00eddate\u013en\u00fdch podmienok, oslavujeme jej 30. v\u00fdro\u010die prijatia. Od \u00fastavy samostatn\u00e9ho a unit\u00e1rneho \u0161t\u00e1tu pre\u0161la k \u00fastave, ktor\u00e1 umo\u017e\u0148uje zdru\u017eova\u0165 sa Slovenskej republike s \u010fal\u0161\u00edmi demokratick\u00fdmi a pr\u00e1vnymi \u0161t\u00e1tmi. \u00dastava si zasl\u00fa\u017ei po\u017e\u00edvanie \u00facty a preto by som ju trhac\u00edm kalend\u00e1rom nenazval. Hoc niekedy boli jej novely p\u00edsan\u00e9 \u201ena kolene,\u201c je ove\u013ea viac noviel, ktor\u00e9 boli kvalitn\u00e9 a udr\u017eiavaj\u00fa Slovensk\u00fa republiku a jej ob\u010danov v demokratickom a pr\u00e1vnom \u0161t\u00e1te, ktor\u00fd si koniec-koncov zaumienili samotn\u00ed ob\u010dania prostredn\u00edctvom svojich z\u00e1stupcov hne\u010f v prv\u00fdch \u010dl\u00e1nkoch \u00fastavy.<\/p>\n\n\n\n<hr class=\"wp-block-separator\"\/>\n\n\n\n<p><strong>Zdroje: <\/strong><\/p>\n\n\n\n<p>[1] OROSZ, Ladislav, 2012. <em>\u00dastava Slovenskej republiky a jej priame noveliz\u00e1cie<\/em> [online]. Ko\u0161ice: \u00dastavn\u00fd s\u00fad Slovenskej republiky [cit. 15.11.2022]. Dostupn\u00e9 na internete: https:\/\/www.ustavnysud.sk\/documents\/10182\/992164\/konferencia+ke+2012+pr%C3%ADspevok.pdf\/7a8b7eeb-35fe-47c0-ae90-5a9564863d36<\/p>\n\n\n\n<p>[2] TASR. <em>I. Fia\u010dan: Slovensk\u00e1 \u00fastava obst\u00e1la, prijatie novej nie je re\u00e1lne.<\/em> In: <em>Teraz.sk<\/em> [online]. 01.09.2022 [cit. 26.11.2022]. Dostupn\u00e9 na internete: https:\/\/www.teraz.sk\/slovensko\/i-fiacan-slovenska-ustava-obstala\/657620-clanok.html<\/p>\n","protected":false},"excerpt":{"rendered":"<p>\u201eVysok\u00e1 intenzita pokusov o zmeny a doplnenia \u00dastavy Slovenskej republiky zaznamenan\u00fdch v uplynul\u00fdch dvadsiatich rokoch, ktor\u00e9 boli nie zriedka motivovan\u00e9 osobn\u00fdm exhibicionizmom ich inici\u00e1torov, \u00fazko stran\u00edckymi z\u00e1ujmami, \u010di neskr\u00fdvanou \u00fa\u010delovos\u0165ou a nie \u00faprimnou snahou skvalitni\u0165 a modernizova\u0165 \u00fastavn\u00fd text, signalizuj\u00fa absenciu element\u00e1rnej \u00facty k z\u00e1kladn\u00e9mu z\u00e1konu \u0161t\u00e1tu u podstatnej \u010dasti politickej reprezent\u00e1cie.\u201c[1] Ur\u00fdchlen\u00fd proces prijatia [&hellip;]<\/p>\n","protected":false},"author":26,"featured_media":0,"comment_status":"open","ping_status":"open","sticky":false,"template":"","format":"standard","meta":{"_monsterinsights_skip_tracking":false,"_monsterinsights_sitenote_active":false,"_monsterinsights_sitenote_note":"","_monsterinsights_sitenote_category":0,"footnotes":""},"categories":[5],"tags":[],"class_list":["post-659","post","type-post","status-publish","format-standard","hentry","category-analyzy"],"yoast_head":"<!-- This site is optimized with the Yoast SEO plugin v26.8 - https:\/\/yoast.com\/product\/yoast-seo-wordpress\/ -->\n<title>St\u00e1va sa \u00fastava Slovenskej republiky \u201etrhac\u00edm kalend\u00e1rom?\u201c - RE:PUB<\/title>\n<meta name=\"robots\" content=\"index, follow, max-snippet:-1, max-image-preview:large, max-video-preview:-1\" \/>\n<link rel=\"canonical\" href=\"https:\/\/www.repub.sk\/?p=659\" \/>\n<meta property=\"og:locale\" content=\"sk_SK\" \/>\n<meta property=\"og:type\" content=\"article\" \/>\n<meta property=\"og:title\" content=\"St\u00e1va sa \u00fastava Slovenskej republiky \u201etrhac\u00edm kalend\u00e1rom?\u201c - RE:PUB\" \/>\n<meta property=\"og:description\" content=\"\u201eVysok\u00e1 intenzita pokusov o zmeny a doplnenia \u00dastavy Slovenskej republiky zaznamenan\u00fdch v uplynul\u00fdch dvadsiatich rokoch, ktor\u00e9 boli nie zriedka motivovan\u00e9 osobn\u00fdm exhibicionizmom ich inici\u00e1torov, \u00fazko stran\u00edckymi z\u00e1ujmami, \u010di neskr\u00fdvanou \u00fa\u010delovos\u0165ou a nie \u00faprimnou snahou skvalitni\u0165 a modernizova\u0165 \u00fastavn\u00fd text, signalizuj\u00fa absenciu element\u00e1rnej \u00facty k z\u00e1kladn\u00e9mu z\u00e1konu \u0161t\u00e1tu u podstatnej \u010dasti politickej reprezent\u00e1cie.\u201c[1] Ur\u00fdchlen\u00fd proces prijatia [&hellip;]\" \/>\n<meta property=\"og:url\" content=\"https:\/\/www.repub.sk\/?p=659\" \/>\n<meta property=\"og:site_name\" content=\"RE:PUB\" \/>\n<meta property=\"article:published_time\" content=\"2023-10-31T20:37:00+00:00\" \/>\n<meta property=\"article:modified_time\" content=\"2024-08-25T12:26:02+00:00\" \/>\n<meta name=\"author\" content=\"Bc. Daniel Bor\u017e\u00edk\" \/>\n<meta name=\"twitter:card\" content=\"summary_large_image\" \/>\n<meta name=\"twitter:label1\" content=\"Autor\" \/>\n\t<meta name=\"twitter:data1\" content=\"Bc. Daniel Bor\u017e\u00edk\" \/>\n\t<meta name=\"twitter:label2\" content=\"Predpokladan\u00fd \u010das \u010d\u00edtania\" \/>\n\t<meta name=\"twitter:data2\" content=\"4 min\u00faty\" \/>\n<script type=\"application\/ld+json\" class=\"yoast-schema-graph\">{\"@context\":\"https:\/\/schema.org\",\"@graph\":[{\"@type\":\"Article\",\"@id\":\"https:\/\/www.repub.sk\/?p=659#article\",\"isPartOf\":{\"@id\":\"https:\/\/www.repub.sk\/?p=659\"},\"author\":{\"name\":\"Bc. Daniel Bor\u017e\u00edk\",\"@id\":\"https:\/\/www.repub.sk\/#\/schema\/person\/4c9d224c9f4591d2873d7abae845c4e5\"},\"headline\":\"St\u00e1va sa \u00fastava Slovenskej republiky \u201etrhac\u00edm kalend\u00e1rom?\u201c\",\"datePublished\":\"2023-10-31T20:37:00+00:00\",\"dateModified\":\"2024-08-25T12:26:02+00:00\",\"mainEntityOfPage\":{\"@id\":\"https:\/\/www.repub.sk\/?p=659\"},\"wordCount\":854,\"commentCount\":0,\"publisher\":{\"@id\":\"https:\/\/www.repub.sk\/#organization\"},\"articleSection\":[\"ANAL\u00ddZY\"],\"inLanguage\":\"sk-SK\",\"potentialAction\":[{\"@type\":\"CommentAction\",\"name\":\"Comment\",\"target\":[\"https:\/\/www.repub.sk\/?p=659#respond\"]}]},{\"@type\":\"WebPage\",\"@id\":\"https:\/\/www.repub.sk\/?p=659\",\"url\":\"https:\/\/www.repub.sk\/?p=659\",\"name\":\"St\u00e1va sa \u00fastava Slovenskej republiky \u201etrhac\u00edm kalend\u00e1rom?\u201c - RE:PUB\",\"isPartOf\":{\"@id\":\"https:\/\/www.repub.sk\/#website\"},\"datePublished\":\"2023-10-31T20:37:00+00:00\",\"dateModified\":\"2024-08-25T12:26:02+00:00\",\"breadcrumb\":{\"@id\":\"https:\/\/www.repub.sk\/?p=659#breadcrumb\"},\"inLanguage\":\"sk-SK\",\"potentialAction\":[{\"@type\":\"ReadAction\",\"target\":[\"https:\/\/www.repub.sk\/?p=659\"]}]},{\"@type\":\"BreadcrumbList\",\"@id\":\"https:\/\/www.repub.sk\/?p=659#breadcrumb\",\"itemListElement\":[{\"@type\":\"ListItem\",\"position\":1,\"name\":\"Home\",\"item\":\"https:\/\/www.repub.sk\/\"},{\"@type\":\"ListItem\",\"position\":2,\"name\":\"St\u00e1va sa \u00fastava Slovenskej republiky \u201etrhac\u00edm kalend\u00e1rom?\u201c\"}]},{\"@type\":\"WebSite\",\"@id\":\"https:\/\/www.repub.sk\/#website\",\"url\":\"https:\/\/www.repub.sk\/\",\"name\":\"RE:PUB\",\"description\":\"\u0161tudentsk\u00fd \u010dasopis\",\"publisher\":{\"@id\":\"https:\/\/www.repub.sk\/#organization\"},\"potentialAction\":[{\"@type\":\"SearchAction\",\"target\":{\"@type\":\"EntryPoint\",\"urlTemplate\":\"https:\/\/www.repub.sk\/?s={search_term_string}\"},\"query-input\":{\"@type\":\"PropertyValueSpecification\",\"valueRequired\":true,\"valueName\":\"search_term_string\"}}],\"inLanguage\":\"sk-SK\"},{\"@type\":\"Organization\",\"@id\":\"https:\/\/www.repub.sk\/#organization\",\"name\":\"RE:PUB\",\"url\":\"https:\/\/www.repub.sk\/\",\"logo\":{\"@type\":\"ImageObject\",\"inLanguage\":\"sk-SK\",\"@id\":\"https:\/\/www.repub.sk\/#\/schema\/logo\/image\/\",\"url\":\"https:\/\/www.repub.sk\/wp-content\/uploads\/2024\/08\/repub-logo.png\",\"contentUrl\":\"https:\/\/www.repub.sk\/wp-content\/uploads\/2024\/08\/repub-logo.png\",\"width\":427,\"height\":426,\"caption\":\"RE:PUB\"},\"image\":{\"@id\":\"https:\/\/www.repub.sk\/#\/schema\/logo\/image\/\"}},{\"@type\":\"Person\",\"@id\":\"https:\/\/www.repub.sk\/#\/schema\/person\/4c9d224c9f4591d2873d7abae845c4e5\",\"name\":\"Bc. Daniel Bor\u017e\u00edk\",\"image\":{\"@type\":\"ImageObject\",\"inLanguage\":\"sk-SK\",\"@id\":\"https:\/\/www.repub.sk\/#\/schema\/person\/image\/\",\"url\":\"https:\/\/secure.gravatar.com\/avatar\/619d4b2c8609931923fe0094f50db34a99bdb852019b7c7a9da9974500c3d219?s=96&d=mm&r=g\",\"contentUrl\":\"https:\/\/secure.gravatar.com\/avatar\/619d4b2c8609931923fe0094f50db34a99bdb852019b7c7a9da9974500c3d219?s=96&d=mm&r=g\",\"caption\":\"Bc. Daniel Bor\u017e\u00edk\"},\"url\":\"https:\/\/www.repub.sk\/?author=26\"}]}<\/script>\n<!-- \/ Yoast SEO plugin. -->","yoast_head_json":{"title":"St\u00e1va sa \u00fastava Slovenskej republiky \u201etrhac\u00edm kalend\u00e1rom?\u201c - RE:PUB","robots":{"index":"index","follow":"follow","max-snippet":"max-snippet:-1","max-image-preview":"max-image-preview:large","max-video-preview":"max-video-preview:-1"},"canonical":"https:\/\/www.repub.sk\/?p=659","og_locale":"sk_SK","og_type":"article","og_title":"St\u00e1va sa \u00fastava Slovenskej republiky \u201etrhac\u00edm kalend\u00e1rom?\u201c - RE:PUB","og_description":"\u201eVysok\u00e1 intenzita pokusov o zmeny a doplnenia \u00dastavy Slovenskej republiky zaznamenan\u00fdch v uplynul\u00fdch dvadsiatich rokoch, ktor\u00e9 boli nie zriedka motivovan\u00e9 osobn\u00fdm exhibicionizmom ich inici\u00e1torov, \u00fazko stran\u00edckymi z\u00e1ujmami, \u010di neskr\u00fdvanou \u00fa\u010delovos\u0165ou a nie \u00faprimnou snahou skvalitni\u0165 a modernizova\u0165 \u00fastavn\u00fd text, signalizuj\u00fa absenciu element\u00e1rnej \u00facty k z\u00e1kladn\u00e9mu z\u00e1konu \u0161t\u00e1tu u podstatnej \u010dasti politickej reprezent\u00e1cie.\u201c[1] Ur\u00fdchlen\u00fd proces prijatia [&hellip;]","og_url":"https:\/\/www.repub.sk\/?p=659","og_site_name":"RE:PUB","article_published_time":"2023-10-31T20:37:00+00:00","article_modified_time":"2024-08-25T12:26:02+00:00","author":"Bc. Daniel Bor\u017e\u00edk","twitter_card":"summary_large_image","twitter_misc":{"Autor":"Bc. Daniel Bor\u017e\u00edk","Predpokladan\u00fd \u010das \u010d\u00edtania":"4 min\u00faty"},"schema":{"@context":"https:\/\/schema.org","@graph":[{"@type":"Article","@id":"https:\/\/www.repub.sk\/?p=659#article","isPartOf":{"@id":"https:\/\/www.repub.sk\/?p=659"},"author":{"name":"Bc. Daniel Bor\u017e\u00edk","@id":"https:\/\/www.repub.sk\/#\/schema\/person\/4c9d224c9f4591d2873d7abae845c4e5"},"headline":"St\u00e1va sa \u00fastava Slovenskej republiky \u201etrhac\u00edm kalend\u00e1rom?\u201c","datePublished":"2023-10-31T20:37:00+00:00","dateModified":"2024-08-25T12:26:02+00:00","mainEntityOfPage":{"@id":"https:\/\/www.repub.sk\/?p=659"},"wordCount":854,"commentCount":0,"publisher":{"@id":"https:\/\/www.repub.sk\/#organization"},"articleSection":["ANAL\u00ddZY"],"inLanguage":"sk-SK","potentialAction":[{"@type":"CommentAction","name":"Comment","target":["https:\/\/www.repub.sk\/?p=659#respond"]}]},{"@type":"WebPage","@id":"https:\/\/www.repub.sk\/?p=659","url":"https:\/\/www.repub.sk\/?p=659","name":"St\u00e1va sa \u00fastava Slovenskej republiky \u201etrhac\u00edm kalend\u00e1rom?\u201c - RE:PUB","isPartOf":{"@id":"https:\/\/www.repub.sk\/#website"},"datePublished":"2023-10-31T20:37:00+00:00","dateModified":"2024-08-25T12:26:02+00:00","breadcrumb":{"@id":"https:\/\/www.repub.sk\/?p=659#breadcrumb"},"inLanguage":"sk-SK","potentialAction":[{"@type":"ReadAction","target":["https:\/\/www.repub.sk\/?p=659"]}]},{"@type":"BreadcrumbList","@id":"https:\/\/www.repub.sk\/?p=659#breadcrumb","itemListElement":[{"@type":"ListItem","position":1,"name":"Home","item":"https:\/\/www.repub.sk\/"},{"@type":"ListItem","position":2,"name":"St\u00e1va sa \u00fastava Slovenskej republiky \u201etrhac\u00edm kalend\u00e1rom?\u201c"}]},{"@type":"WebSite","@id":"https:\/\/www.repub.sk\/#website","url":"https:\/\/www.repub.sk\/","name":"RE:PUB","description":"\u0161tudentsk\u00fd \u010dasopis","publisher":{"@id":"https:\/\/www.repub.sk\/#organization"},"potentialAction":[{"@type":"SearchAction","target":{"@type":"EntryPoint","urlTemplate":"https:\/\/www.repub.sk\/?s={search_term_string}"},"query-input":{"@type":"PropertyValueSpecification","valueRequired":true,"valueName":"search_term_string"}}],"inLanguage":"sk-SK"},{"@type":"Organization","@id":"https:\/\/www.repub.sk\/#organization","name":"RE:PUB","url":"https:\/\/www.repub.sk\/","logo":{"@type":"ImageObject","inLanguage":"sk-SK","@id":"https:\/\/www.repub.sk\/#\/schema\/logo\/image\/","url":"https:\/\/www.repub.sk\/wp-content\/uploads\/2024\/08\/repub-logo.png","contentUrl":"https:\/\/www.repub.sk\/wp-content\/uploads\/2024\/08\/repub-logo.png","width":427,"height":426,"caption":"RE:PUB"},"image":{"@id":"https:\/\/www.repub.sk\/#\/schema\/logo\/image\/"}},{"@type":"Person","@id":"https:\/\/www.repub.sk\/#\/schema\/person\/4c9d224c9f4591d2873d7abae845c4e5","name":"Bc. Daniel Bor\u017e\u00edk","image":{"@type":"ImageObject","inLanguage":"sk-SK","@id":"https:\/\/www.repub.sk\/#\/schema\/person\/image\/","url":"https:\/\/secure.gravatar.com\/avatar\/619d4b2c8609931923fe0094f50db34a99bdb852019b7c7a9da9974500c3d219?s=96&d=mm&r=g","contentUrl":"https:\/\/secure.gravatar.com\/avatar\/619d4b2c8609931923fe0094f50db34a99bdb852019b7c7a9da9974500c3d219?s=96&d=mm&r=g","caption":"Bc. Daniel Bor\u017e\u00edk"},"url":"https:\/\/www.repub.sk\/?author=26"}]}},"_links":{"self":[{"href":"https:\/\/www.repub.sk\/index.php?rest_route=\/wp\/v2\/posts\/659","targetHints":{"allow":["GET"]}}],"collection":[{"href":"https:\/\/www.repub.sk\/index.php?rest_route=\/wp\/v2\/posts"}],"about":[{"href":"https:\/\/www.repub.sk\/index.php?rest_route=\/wp\/v2\/types\/post"}],"author":[{"embeddable":true,"href":"https:\/\/www.repub.sk\/index.php?rest_route=\/wp\/v2\/users\/26"}],"replies":[{"embeddable":true,"href":"https:\/\/www.repub.sk\/index.php?rest_route=%2Fwp%2Fv2%2Fcomments&post=659"}],"version-history":[{"count":3,"href":"https:\/\/www.repub.sk\/index.php?rest_route=\/wp\/v2\/posts\/659\/revisions"}],"predecessor-version":[{"id":677,"href":"https:\/\/www.repub.sk\/index.php?rest_route=\/wp\/v2\/posts\/659\/revisions\/677"}],"wp:attachment":[{"href":"https:\/\/www.repub.sk\/index.php?rest_route=%2Fwp%2Fv2%2Fmedia&parent=659"}],"wp:term":[{"taxonomy":"category","embeddable":true,"href":"https:\/\/www.repub.sk\/index.php?rest_route=%2Fwp%2Fv2%2Fcategories&post=659"},{"taxonomy":"post_tag","embeddable":true,"href":"https:\/\/www.repub.sk\/index.php?rest_route=%2Fwp%2Fv2%2Ftags&post=659"}],"curies":[{"name":"wp","href":"https:\/\/api.w.org\/{rel}","templated":true}]}}