{"id":483,"date":"2023-04-30T19:25:00","date_gmt":"2023-04-30T17:25:00","guid":{"rendered":"https:\/\/www.repub.sk\/?p=483"},"modified":"2024-08-25T14:25:48","modified_gmt":"2024-08-25T12:25:48","slug":"genocidy-a-ich-prevencia","status":"publish","type":"post","link":"https:\/\/www.repub.sk\/?p=483","title":{"rendered":"Genoc\u00eddy a ich prevencia"},"content":{"rendered":"\n<p>Pri spr\u00e1vnom pochopen\u00ed prevencie genoc\u00edd si na za\u010diatok&nbsp; mus\u00edme uvedomi\u0165, \u010do je to genoc\u00edda. Preto tu priklad\u00e1m presn\u00fa defin\u00edciu od Chovanca a Hot\u00e1ra, ktor\u00e1 mi pri\u0161la najkonkr\u00e9tnej\u0161ia: <em>\u201e\u010ciasto\u010dn\u00e9 alebo \u00fapln\u00e9 vyvra\u017e\u010fovanie \u010di vyvra\u017edenie skupiny os\u00f4b, alebo jej \u0165a\u017ek\u00e9 du\u0161evn\u00e9 \u010di telesn\u00e9 po\u0161kodenie s cie\u013eom zni\u010di\u0165 ju, zvy\u010dajne z n\u00e1bo\u017eensk\u00fdch, jazykov\u00fdch, n\u00e1rodn\u00fdch, niekedy aj kult\u00farnych \u010di politick\u00fdch pr\u00ed\u010din: pod\u013ea medzin\u00e1rodn\u00e9ho pr\u00e1va je genoc\u00edda nepreml\u010date\u013en\u00fd&nbsp; medzin\u00e1rodn\u00fd zlo\u010din a zara\u010fujeme ju medzi zlo\u010diny proti \u013eudskosti.\u201c<\/em><a href=\"http:\/\/[1] Jaroslav Chovanec a Viliam S. Hot\u00e1r: Politol\u00f3gia Terminologick\u00fd a v\u00fdkladov\u00fd slovn\u00edk.&nbsp; Fakulta Masmedi\u00e1lnej komunik\u00e1cie UCM Trnava, 2010, s. 102, ISBN 978-80-85717-35-8\">[1]<\/a> Genoc\u00eddy sa sp\u00e1jaj\u00fa aj s na\u0161ou, ale aj celosvetovou hist\u00f3riou. Dalo by sa poveda\u0165, \u017ee ka\u017ed\u00fd \u0161t\u00e1t na tomto svete bol stvoren\u00fd nen\u00e1vis\u0165ou. U\u017e od po\u010diatku sa krajiny navz\u00e1jom nap\u00e1dali a ni\u010dili pre v\u00e4\u010d\u0161iu silu a lep\u0161ie \u00fazemie. Mohli by sme poveda\u0165, \u017ee do dne\u0161n\u00fdch dn\u00ed sa ni\u010d nezmenilo. Najlep\u0161\u00ed spojenci s\u00fa tvoren\u00ed spolo\u010dn\u00fdm nepriate\u013eom. Genoc\u00eddy netvoria \u017eiadne spojenectv\u00e1, tvoria nen\u00e1vis\u0165, ktor\u00e1 zap\u00e1ja cel\u00e9 masy do boja proti niekomu.<\/p>\n\n\n\n<p>Mno\u017estvo psychol\u00f3gov sa zhodne, \u017ee ak ide o rie\u0161enie ur\u010dit\u00e9ho probl\u00e9mu, treba o tom hovori\u0165, hovori\u0165 a e\u0161te raz hovori\u0165. Ak si mysl\u00edme, \u017ee nie\u010do nie je aktu\u00e1lne alebo sa n\u00e1s to konkr\u00e9tne nedot\u00fdka, neznamen\u00e1 to, \u017ee sa o tom nem\u00e1 rozpr\u00e1va\u0165 a rie\u0161i\u0165. Niekedy aj mal\u00fd vietor dok\u00e1\u017ee privies\u0165 lo\u010f do pr\u00edstavu. Z hist\u00f3rie sa m\u00f4\u017eeme pou\u010di\u0165 a u\u017e ju neopakova\u0165 aj ke\u010f \u010dasto opakujeme tie ist\u00e9 chyby. Aj to je jedna z&nbsp; n\u00e1strojov prevenci\u00ed \u2013 informovanos\u0165 n\u00e1roda.<\/p>\n\n\n\n<p>Pri genoc\u00eddach zomrie neuverite\u013en\u00e9 mno\u017estvo \u013eud\u00ed. \u010casto si tak ve\u013ek\u00e9 \u010d\u00edslo nevieme predstavi\u0165. 6 mili\u00f3nov \u2013 to\u013eko \u017didov zomrelo v Holokauste. Slovensk\u00e1 republika m\u00e1 menej obyvate\u013eov. Je neskuto\u010dn\u00e9 si predstavi\u0165 tak\u00e9to \u010d\u00edslo, ak si uvedom\u00edme, \u017ee to \u010d\u00edslo zn\u00e1zor\u0148uje re\u00e1lnych \u013eud\u00ed. Pod\u013ea vedcov si \u010dlovek tak\u00e9to ve\u013ek\u00e9 \u010d\u00edslo nevie predstavi\u0165. V africkej Rwande zomrel 1 mili\u00f3n pr\u00edslu\u0161n\u00edkov etnickej skupiny Tutsov. Toto vyhladenie bolo bran\u00e9 ako zlyhanie cel\u00e9ho sveta. Uk\u00e1zalo sa, \u017ee aj v modernej dobe s modern\u00fdmi a lep\u0161\u00edmi pr\u00e1vami a normami, je st\u00e1le nad nami ot\u00e1znik ako dok\u00e1za\u0165, aby tieto pr\u00e1va a normy mali v\u0161etci.<\/p>\n\n\n\n<p>\u010c\u00edsla z genoc\u00edd hovoria o v\u0161etkom. Ale nie s\u00fa to len \u010d\u00edsla. Za t\u00fdmito \u010d\u00edslami sa skr\u00fdvaj\u00fa \u013eudia, cel\u00e9 etnik\u00e1 alebo a\u017e kult\u00fary. Ich pr\u00edbehy a fotografie pre\u017e\u00edvaj\u00fa a my to s hr\u00f4zou sledujeme. Kult\u00fara, ktor\u00e1 mohla vymrie\u0165, spolo\u010denstvo, ktor\u00e9 sa u\u017e mo\u017eno nikdy nespoj\u00ed. Rodiny, ktor\u00e9 si u\u017e nesadn\u00fa za jeden st\u00f4l, lebo my sme to nechali z\u00e1js\u0165 pr\u00edli\u0161 \u010faleko. Treba si ich pripom\u00edna\u0165 a treba bojova\u0165, aby sa tak\u00e9to zverstv\u00e1 neopakovali a aby sme na nich nezabudli.<\/p>\n\n\n\n<p>Genoc\u00edda nie je nie\u010do, \u010do sa stane cez noc alebo bez varovania. Genoc\u00edda si vy\u017eaduje a predstavuje v skuto\u010dnosti z\u00e1mern\u00fa strat\u00e9giu, ktor\u00e1 sa v\u00e4\u010d\u0161inou uskuto\u010d\u0148ovala vl\u00e1dami alebo skupinami kontroluj\u00facimi \u0161t\u00e1tny apar\u00e1t. Pochopi\u0165 sp\u00f4sobu, ak\u00fdm doch\u00e1dza ku genoc\u00edde a nau\u010di\u0165 sa rozpozn\u00e1va\u0165 znaky, ktor\u00e9 by mohli vies\u0165 ku genoc\u00edde, s\u00fa d\u00f4le\u017eit\u00e9 pre zaistenie toho, aby sa u\u017e tieto hr\u00f4zy neopakovali.<a href=\"http:\/\/[2] Pavel Bor\u0161a: Pam\u00e4\u0165 a genoc\u00edda.\u00a0 Argo, 2011, s. 78, ISBN: 978-80-25703-68-7\">[2]<\/a><\/p>\n\n\n\n<p>\u201e<em>Ak n\u00e1s obr\u00e1zky desiatok tis\u00edc \u013eudsk\u00fdch tiel, ktor\u00e9 hr\u00fdzli psy, neprebudia z na\u0161ej apatie, neviem, \u010do sa stane,<\/em>\u201c vyjadril sa gener\u00e1lny podtajomn\u00edk OSN Kofi Annan v roku 1994.<a href=\"https:\/\/refresher.sk\/49822-Zabudnute-genocidy-Nezname-pribehy-krutych-cinov-ktore-mali-zarucit-zanik-celych-etnik-a-nabozenstiev\">[3]<\/a><\/p>\n\n\n\n<p>V d\u00f4sledku rwandskej genoc\u00eddy sa v medzin\u00e1rodnom spolo\u010denstve za\u010dal zintenz\u00edv\u0148ova\u0165 dial\u00f3g o prevencii genoc\u00eddy s presunom zamerania medzi prevenciu a intervenciu genoc\u00eddy. Napriek v\u00fdzvam \u201enikdy viac\u201c po holokauste nastalo kol\u00edsanie z\u00e1ujmu medzin\u00e1rodn\u00e9ho spolo\u010denstva o prevenciu genoc\u00eddy, \u010do nikdy nebolo zjavnej\u0161ie ako v dial\u00f3gu po roku 1994. Potreba predch\u00e1dza\u0165 genoc\u00edde a potresta\u0165 jej p\u00e1chate\u013eov je k\u013e\u00fa\u010dov\u00fdm zameran\u00edm medzin\u00e1rodn\u00e9ho pr\u00e1va od vytvorenia Dohovoru o predch\u00e1dzan\u00ed a trestan\u00ed genoc\u00eddy z roku 1948, ktor\u00fd pod\u013ea medzin\u00e1rodn\u00e9ho pr\u00e1va definoval genoc\u00eddu ako zlo\u010din. Napriek dohovoru, ktor\u00fd genoc\u00eddu stavia mimo z\u00e1kon, v\u0161ak ch\u00fdbala politick\u00e1 v\u00f4\u013ea zabr\u00e1ni\u0165 p\u00e1chate\u013eom genoc\u00eddy a prenasledova\u0165 ich. Trestn\u00e9 pr\u00e1vo neznamen\u00e1 zodpovednos\u0165 \u0161t\u00e1tu za trestn\u00fd \u010din, ale predstavuje \u010fal\u0161\u00ed zdroj ochrany obet\u00ed a uklad\u00e1 \u0161t\u00e1tom zodpovednos\u0165 za p\u00e1chate\u013eov. Nedostatok politickej v\u00f4le v medzin\u00e1rodnom spolo\u010denstve pri podpore prevencie genoc\u00eddy ch\u00fdba. Napriek tomu v\u0161ak do\u0161lo k v\u00fdznamn\u00e9mu pokroku na medzin\u00e1rodnej \u00farovni aj prostredn\u00edctvom iniciat\u00edv prijat\u00fdch jednotliv\u00fdmi \u0161t\u00e1tmi, ktor\u00e9 maj\u00fa pr\u00edstup k r\u00f4znym aspektom ako prevencie, tak reakcie na ob\u010dasn\u00e9 genoc\u00eddy. Sn\u00e1\u010f najd\u00f4le\u017eitej\u0161\u00edm bodom \u00faspechov medzin\u00e1rodn\u00e9ho spolo\u010denstva je princ\u00edp zodpovednosti chr\u00e1ni\u0165.<a href=\"http:\/\/BAUMAN Zygmunt. Modernita a holocaust. 2. vyd. Praha: Sociologick\u00e9 nakladate\u013estvo, 2010. s. 98 ISBN 978- 80-7419-028-5, str. 194-212\">[4]<\/a><\/p>\n\n\n\n<p>Jednou z hlavn\u00fdch ot\u00e1zok pri sk\u00faman\u00ed v\u00fdskytu a prevencie genoc\u00eddy je pochopenie toho, \u010do rob\u00ed kognit\u00edvne procesy na individu\u00e1lnej aj kolekt\u00edvnej \u00farovni zranite\u013en\u00fdmi vo\u010di manipul\u00e1cii zvonku. Ktor\u00e9 poskytuj\u00fa soci\u00e1lne a politick\u00e9 podmienky a \u017eivn\u00fa p\u00f4du pre t\u00fato manipul\u00e1ciu do n\u00e1silia.<\/p>\n\n\n\n<p>Vedci v oblasti \u0161t\u00fadi\u00ed genoc\u00eddy identifikovali s\u00fabor \u0161iroko rizikov\u00fdch faktorov. Tie zvy\u0161uj\u00fa riziko pre krajinu alebo soci\u00e1lnu skupinu pri uskuto\u010d\u0148ovan\u00ed genoc\u00eddy. Rizikov\u00e9 faktory zah\u0155\u0148aj\u00fa \u0161irok\u00fa \u0161k\u00e1lu politick\u00fdch a kult\u00farnych faktorov, ktor\u00e9 vytv\u00e1raj\u00fa kontext, v ktorom je genoc\u00edda pravdepodobnej\u0161ia, ako s\u00fa politick\u00e9 otrasy alebo zmena re\u017eimu, ako aj psychologick\u00e9 javy, s ktor\u00fdmi je mo\u017en\u00e9 manipulova\u0165 a vyu\u017e\u00edva\u0165 ich vo ve\u013ek\u00fdch skupin\u00e1ch \u013eud\u00ed. Prevencia genoc\u00eddy z\u00e1vis\u00ed vo ve\u013ekej miere od znalost\u00ed a sledovania t\u00fdchto rizikov\u00fdch faktorov, ako aj od identifik\u00e1cie v\u010dasn\u00fdch varovn\u00fdch sign\u00e1lov, \u017ee sa genoc\u00edda za\u010d\u00edna formova\u0165.<a href=\"http:\/\/[5] Pavel Bor\u0161a: Pam\u00e4\u0165 a genoc\u00edda.&nbsp; Argo, 2011, s. 183, ISBN: 978-80-25703-68-7\">[5]<\/a><\/p>\n\n\n\n<p>Vzdelanie je ve\u013ekou \u010das\u0165ou na\u0161ich \u017eivotov. S\u00fa to vedomosti, ktor\u00e9 n\u00e1s sprev\u00e1dzaj\u00fa cel\u00fd \u017eivot. \u010co ak n\u00e1s ale v \u0161kole neupozornia, \u017ee toto spr\u00e1vanie u\u017e m\u00f4\u017eeme pova\u017eova\u0165 za rasistick\u00e9 alebo, \u017ee n\u00e1zor vieme uk\u00e1za\u0165 aj inak ako p\u00e4s\u0165ami alebo h\u00e1dkou. Argument je z\u00e1klad komunik\u00e1cie. Rozpozn\u00e1va\u0165 pravdiv\u00e9 a l\u017eiv\u00e9 argumenty je niekedy \u0165a\u017ek\u00e9 a je \u0161koda, \u017ee aj v minulosti \u013eudia rad\u0161ej zavierali o\u010di ako by si mali zis\u0165ova\u0165 a stava\u0165 sa syst\u00e9mu. Je to pr\u00e1ve \u0161kolstvo lebo deti s\u00fa bud\u00facnos\u0165 a ich my\u0161lienky sa e\u0161te len kreuj\u00fa. Preto ve\u013eakr\u00e1t syst\u00e9my, ktor\u00e9 chc\u00fa nie\u010do zmeni\u0165, menia aj osnovy v \u0161kol\u00e1ch. Ak by sa v \u0161kol\u00e1ch viac vyu\u010dovalo ako pred\u00eds\u0165 situ\u00e1cii a rozpozna\u0165 situ\u00e1ciu, mo\u017eno by sa ve\u013ea veciam v na\u0161ej hist\u00f3rii dalo pred\u00eds\u0165. Sta\u010dilo by vzdelanie a informovanos\u0165 na to, aby sme predch\u00e1dzali genoc\u00eddam? Na t\u00fato ot\u00e1zku neviem odpoveda\u0165. Ist\u00e9 je, \u017ee sa tam nach\u00e1dza mnoho \u010fal\u0161\u00edch faktorov, ako politick\u00e1 stabilita alebo vo v\u0161eobecnosti politika \u0161t\u00e1tu. Genoc\u00eddy sa nest\u00e1vaj\u00fa zo d\u0148a na de\u0148. V\u00e4\u010d\u0161inou im predch\u00e1dzaj\u00fa \u010dinnosti. Nie je to len arm\u00e1da (\u013eudia, ktor\u00ed s\u00fa postaven\u00ed pred dan\u00fa vec a s\u00fa presved\u010den\u00ed, \u017ee zabi\u0165 \u201et\u00fdch druh\u00fdch\u201c je spr\u00e1vne), s\u00fa potrebn\u00e9 davy a mo\u017eno aj oklamanie em\u00f3ci\u00ed a vyu\u017eitie slova na to, aby \u013eudia za\u010dali uva\u017eova\u0165 o inom&nbsp; ako nepriate\u013eom. Na genoc\u00eddy treba ve\u013ea zlomen\u00fdch \u013eud\u00ed. Nie je n\u00e1hodou, \u017ee po 1. svetovej vojne, ke\u010f bolo Nemecko nestabiln\u00e9, sa dostal k moci Hitler. A to uv\u00e1dzam len ako jeden z pr\u00edkladov.<\/p>\n\n\n\n<p>Ekonomick\u00e1 a politick\u00e1 nestabilita s\u00fa dva faktory, ktor\u00e9 br\u00e1nia \u00fa\u010dinnej prevencii genoc\u00edd a zlo\u010dinov proti \u013eudskosti. Tieto dva faktory sa m\u00f4\u017eu vyskytn\u00fa\u0165 nez\u00e1visle od seba alebo v rovnakom \u010dase. Politick\u00e1 nestabilita ovplyv\u0148uje \u0161irok\u00fa komunitu, ale ekonomick\u00e1 nestabilita je sk\u00f4r individu\u00e1lnym aspektom. V pr\u00edpade hrozby \u00fatokov genoc\u00eddy s\u00fa ekonomicky zabezpe\u010den\u00fd jedinci v spolo\u010dnosti schopn\u00ed utiec\u0165. Stabilizova\u0165 krajinu nie je \u013eahk\u00e9 a ani sa to ned\u00e1 za de\u0148, ale v\u017edy sa n\u00e1jde cesta. Ak doch\u00e1dza k nestabilite, treba to zastavi\u0165 u\u017e v za\u010diatkoch.<\/p>\n\n\n\n<hr class=\"wp-block-separator\"\/>\n\n\n\n<p><strong>Zdroje: <\/strong><\/p>\n\n\n\n<p>[1] Jaroslav Chovanec a Viliam S. Hot\u00e1r: Politol\u00f3gia Terminologick\u00fd a v\u00fdkladov\u00fd slovn\u00edk.&nbsp; Fakulta Masmedi\u00e1lnej komunik\u00e1cie UCM Trnava, 2010, s. 102, ISBN 978-80-85717-35-8<\/p>\n\n\n\n<p>[2] Pavel Bor\u0161a: Pam\u00e4\u0165 a genoc\u00edda.&nbsp; Argo, 2011, s. 78, ISBN: 978-80-25703-68-7<\/p>\n\n\n\n<p>[3] Michal Be\u0148o, Zabudnut\u00e9 genoc\u00eddy: Nezn\u00e1me pr\u00edbehy krut\u00fdch \u010dinov, ktor\u00e9 mali zaru\u010di\u0165 z\u00e1nik cel\u00fdch etn\u00edk a n\u00e1bo\u017eenstiev. Refresher, 2017 (online)&nbsp; https:\/\/refresher.sk\/49822-Zabudnute-genocidy-Nezname-pribehy-krutych-cinov-ktore-mali-zarucit-zanik-celych-etnik-a-nabozenstiev<\/p>\n\n\n\n<p>[4] BAUMAN Zygmunt. Modernita a holocaust. 2. vyd. Praha: Sociologick\u00e9 nakladate\u013estvo, 2010. s. 98 ISBN 978- 80-7419-028-5, str. 194-212<\/p>\n\n\n\n<p>[5] Pavel Bor\u0161a: Pam\u00e4\u0165 a genoc\u00edda.&nbsp; Argo, 2011, s. 183, ISBN: 978-80-25703-68-7<\/p>\n","protected":false},"excerpt":{"rendered":"<p>Pri spr\u00e1vnom pochopen\u00ed prevencie genoc\u00edd si na za\u010diatok&nbsp; mus\u00edme uvedomi\u0165, \u010do je to genoc\u00edda. Preto tu priklad\u00e1m presn\u00fa defin\u00edciu od Chovanca a Hot\u00e1ra, ktor\u00e1 mi pri\u0161la najkonkr\u00e9tnej\u0161ia: \u201e\u010ciasto\u010dn\u00e9 alebo \u00fapln\u00e9 vyvra\u017e\u010fovanie \u010di vyvra\u017edenie skupiny os\u00f4b, alebo jej \u0165a\u017ek\u00e9 du\u0161evn\u00e9 \u010di telesn\u00e9 po\u0161kodenie s cie\u013eom zni\u010di\u0165 ju, zvy\u010dajne z n\u00e1bo\u017eensk\u00fdch, jazykov\u00fdch, n\u00e1rodn\u00fdch, niekedy aj kult\u00farnych \u010di [&hellip;]<\/p>\n","protected":false},"author":7,"featured_media":0,"comment_status":"open","ping_status":"open","sticky":false,"template":"","format":"standard","meta":{"_monsterinsights_skip_tracking":false,"_monsterinsights_sitenote_active":false,"_monsterinsights_sitenote_note":"","_monsterinsights_sitenote_category":0,"footnotes":""},"categories":[5],"tags":[],"class_list":["post-483","post","type-post","status-publish","format-standard","hentry","category-analyzy"],"yoast_head":"<!-- This site is optimized with the Yoast SEO plugin v26.8 - https:\/\/yoast.com\/product\/yoast-seo-wordpress\/ -->\n<title>Genoc\u00eddy a ich prevencia - RE:PUB<\/title>\n<meta name=\"robots\" content=\"index, follow, max-snippet:-1, max-image-preview:large, max-video-preview:-1\" \/>\n<link rel=\"canonical\" href=\"https:\/\/www.repub.sk\/?p=483\" \/>\n<meta property=\"og:locale\" content=\"sk_SK\" \/>\n<meta property=\"og:type\" content=\"article\" \/>\n<meta property=\"og:title\" content=\"Genoc\u00eddy a ich prevencia - RE:PUB\" \/>\n<meta property=\"og:description\" content=\"Pri spr\u00e1vnom pochopen\u00ed prevencie genoc\u00edd si na za\u010diatok&nbsp; mus\u00edme uvedomi\u0165, \u010do je to genoc\u00edda. Preto tu priklad\u00e1m presn\u00fa defin\u00edciu od Chovanca a Hot\u00e1ra, ktor\u00e1 mi pri\u0161la najkonkr\u00e9tnej\u0161ia: \u201e\u010ciasto\u010dn\u00e9 alebo \u00fapln\u00e9 vyvra\u017e\u010fovanie \u010di vyvra\u017edenie skupiny os\u00f4b, alebo jej \u0165a\u017ek\u00e9 du\u0161evn\u00e9 \u010di telesn\u00e9 po\u0161kodenie s cie\u013eom zni\u010di\u0165 ju, zvy\u010dajne z n\u00e1bo\u017eensk\u00fdch, jazykov\u00fdch, n\u00e1rodn\u00fdch, niekedy aj kult\u00farnych \u010di [&hellip;]\" \/>\n<meta property=\"og:url\" content=\"https:\/\/www.repub.sk\/?p=483\" \/>\n<meta property=\"og:site_name\" content=\"RE:PUB\" \/>\n<meta property=\"article:published_time\" content=\"2023-04-30T17:25:00+00:00\" \/>\n<meta property=\"article:modified_time\" content=\"2024-08-25T12:25:48+00:00\" \/>\n<meta name=\"author\" content=\"Bc. Monika Lofflerov\u00e1\" \/>\n<meta name=\"twitter:card\" content=\"summary_large_image\" \/>\n<meta name=\"twitter:label1\" content=\"Autor\" \/>\n\t<meta name=\"twitter:data1\" content=\"Bc. Monika Lofflerov\u00e1\" \/>\n\t<meta name=\"twitter:label2\" content=\"Predpokladan\u00fd \u010das \u010d\u00edtania\" \/>\n\t<meta name=\"twitter:data2\" content=\"7 min\u00fat\" \/>\n<script type=\"application\/ld+json\" class=\"yoast-schema-graph\">{\"@context\":\"https:\/\/schema.org\",\"@graph\":[{\"@type\":\"Article\",\"@id\":\"https:\/\/www.repub.sk\/?p=483#article\",\"isPartOf\":{\"@id\":\"https:\/\/www.repub.sk\/?p=483\"},\"author\":{\"name\":\"Bc. Monika Lofflerov\u00e1\",\"@id\":\"https:\/\/www.repub.sk\/#\/schema\/person\/4af621f256e3efa40e73d25d0af7cd13\"},\"headline\":\"Genoc\u00eddy a ich prevencia\",\"datePublished\":\"2023-04-30T17:25:00+00:00\",\"dateModified\":\"2024-08-25T12:25:48+00:00\",\"mainEntityOfPage\":{\"@id\":\"https:\/\/www.repub.sk\/?p=483\"},\"wordCount\":1585,\"commentCount\":0,\"publisher\":{\"@id\":\"https:\/\/www.repub.sk\/#organization\"},\"articleSection\":[\"ANAL\u00ddZY\"],\"inLanguage\":\"sk-SK\",\"potentialAction\":[{\"@type\":\"CommentAction\",\"name\":\"Comment\",\"target\":[\"https:\/\/www.repub.sk\/?p=483#respond\"]}]},{\"@type\":\"WebPage\",\"@id\":\"https:\/\/www.repub.sk\/?p=483\",\"url\":\"https:\/\/www.repub.sk\/?p=483\",\"name\":\"Genoc\u00eddy a ich prevencia - RE:PUB\",\"isPartOf\":{\"@id\":\"https:\/\/www.repub.sk\/#website\"},\"datePublished\":\"2023-04-30T17:25:00+00:00\",\"dateModified\":\"2024-08-25T12:25:48+00:00\",\"breadcrumb\":{\"@id\":\"https:\/\/www.repub.sk\/?p=483#breadcrumb\"},\"inLanguage\":\"sk-SK\",\"potentialAction\":[{\"@type\":\"ReadAction\",\"target\":[\"https:\/\/www.repub.sk\/?p=483\"]}]},{\"@type\":\"BreadcrumbList\",\"@id\":\"https:\/\/www.repub.sk\/?p=483#breadcrumb\",\"itemListElement\":[{\"@type\":\"ListItem\",\"position\":1,\"name\":\"Home\",\"item\":\"https:\/\/www.repub.sk\/\"},{\"@type\":\"ListItem\",\"position\":2,\"name\":\"Genoc\u00eddy a ich prevencia\"}]},{\"@type\":\"WebSite\",\"@id\":\"https:\/\/www.repub.sk\/#website\",\"url\":\"https:\/\/www.repub.sk\/\",\"name\":\"RE:PUB\",\"description\":\"\u0161tudentsk\u00fd \u010dasopis\",\"publisher\":{\"@id\":\"https:\/\/www.repub.sk\/#organization\"},\"potentialAction\":[{\"@type\":\"SearchAction\",\"target\":{\"@type\":\"EntryPoint\",\"urlTemplate\":\"https:\/\/www.repub.sk\/?s={search_term_string}\"},\"query-input\":{\"@type\":\"PropertyValueSpecification\",\"valueRequired\":true,\"valueName\":\"search_term_string\"}}],\"inLanguage\":\"sk-SK\"},{\"@type\":\"Organization\",\"@id\":\"https:\/\/www.repub.sk\/#organization\",\"name\":\"RE:PUB\",\"url\":\"https:\/\/www.repub.sk\/\",\"logo\":{\"@type\":\"ImageObject\",\"inLanguage\":\"sk-SK\",\"@id\":\"https:\/\/www.repub.sk\/#\/schema\/logo\/image\/\",\"url\":\"https:\/\/www.repub.sk\/wp-content\/uploads\/2024\/08\/repub-logo.png\",\"contentUrl\":\"https:\/\/www.repub.sk\/wp-content\/uploads\/2024\/08\/repub-logo.png\",\"width\":427,\"height\":426,\"caption\":\"RE:PUB\"},\"image\":{\"@id\":\"https:\/\/www.repub.sk\/#\/schema\/logo\/image\/\"}},{\"@type\":\"Person\",\"@id\":\"https:\/\/www.repub.sk\/#\/schema\/person\/4af621f256e3efa40e73d25d0af7cd13\",\"name\":\"Bc. Monika Lofflerov\u00e1\",\"image\":{\"@type\":\"ImageObject\",\"inLanguage\":\"sk-SK\",\"@id\":\"https:\/\/www.repub.sk\/#\/schema\/person\/image\/\",\"url\":\"https:\/\/secure.gravatar.com\/avatar\/75424b88ad3985b926dad27582b3cc894060aa82a056693cd4efc9a5eab604e3?s=96&d=mm&r=g\",\"contentUrl\":\"https:\/\/secure.gravatar.com\/avatar\/75424b88ad3985b926dad27582b3cc894060aa82a056693cd4efc9a5eab604e3?s=96&d=mm&r=g\",\"caption\":\"Bc. Monika Lofflerov\u00e1\"},\"url\":\"https:\/\/www.repub.sk\/?author=7\"}]}<\/script>\n<!-- \/ Yoast SEO plugin. -->","yoast_head_json":{"title":"Genoc\u00eddy a ich prevencia - RE:PUB","robots":{"index":"index","follow":"follow","max-snippet":"max-snippet:-1","max-image-preview":"max-image-preview:large","max-video-preview":"max-video-preview:-1"},"canonical":"https:\/\/www.repub.sk\/?p=483","og_locale":"sk_SK","og_type":"article","og_title":"Genoc\u00eddy a ich prevencia - RE:PUB","og_description":"Pri spr\u00e1vnom pochopen\u00ed prevencie genoc\u00edd si na za\u010diatok&nbsp; mus\u00edme uvedomi\u0165, \u010do je to genoc\u00edda. Preto tu priklad\u00e1m presn\u00fa defin\u00edciu od Chovanca a Hot\u00e1ra, ktor\u00e1 mi pri\u0161la najkonkr\u00e9tnej\u0161ia: \u201e\u010ciasto\u010dn\u00e9 alebo \u00fapln\u00e9 vyvra\u017e\u010fovanie \u010di vyvra\u017edenie skupiny os\u00f4b, alebo jej \u0165a\u017ek\u00e9 du\u0161evn\u00e9 \u010di telesn\u00e9 po\u0161kodenie s cie\u013eom zni\u010di\u0165 ju, zvy\u010dajne z n\u00e1bo\u017eensk\u00fdch, jazykov\u00fdch, n\u00e1rodn\u00fdch, niekedy aj kult\u00farnych \u010di [&hellip;]","og_url":"https:\/\/www.repub.sk\/?p=483","og_site_name":"RE:PUB","article_published_time":"2023-04-30T17:25:00+00:00","article_modified_time":"2024-08-25T12:25:48+00:00","author":"Bc. Monika Lofflerov\u00e1","twitter_card":"summary_large_image","twitter_misc":{"Autor":"Bc. Monika Lofflerov\u00e1","Predpokladan\u00fd \u010das \u010d\u00edtania":"7 min\u00fat"},"schema":{"@context":"https:\/\/schema.org","@graph":[{"@type":"Article","@id":"https:\/\/www.repub.sk\/?p=483#article","isPartOf":{"@id":"https:\/\/www.repub.sk\/?p=483"},"author":{"name":"Bc. Monika Lofflerov\u00e1","@id":"https:\/\/www.repub.sk\/#\/schema\/person\/4af621f256e3efa40e73d25d0af7cd13"},"headline":"Genoc\u00eddy a ich prevencia","datePublished":"2023-04-30T17:25:00+00:00","dateModified":"2024-08-25T12:25:48+00:00","mainEntityOfPage":{"@id":"https:\/\/www.repub.sk\/?p=483"},"wordCount":1585,"commentCount":0,"publisher":{"@id":"https:\/\/www.repub.sk\/#organization"},"articleSection":["ANAL\u00ddZY"],"inLanguage":"sk-SK","potentialAction":[{"@type":"CommentAction","name":"Comment","target":["https:\/\/www.repub.sk\/?p=483#respond"]}]},{"@type":"WebPage","@id":"https:\/\/www.repub.sk\/?p=483","url":"https:\/\/www.repub.sk\/?p=483","name":"Genoc\u00eddy a ich prevencia - RE:PUB","isPartOf":{"@id":"https:\/\/www.repub.sk\/#website"},"datePublished":"2023-04-30T17:25:00+00:00","dateModified":"2024-08-25T12:25:48+00:00","breadcrumb":{"@id":"https:\/\/www.repub.sk\/?p=483#breadcrumb"},"inLanguage":"sk-SK","potentialAction":[{"@type":"ReadAction","target":["https:\/\/www.repub.sk\/?p=483"]}]},{"@type":"BreadcrumbList","@id":"https:\/\/www.repub.sk\/?p=483#breadcrumb","itemListElement":[{"@type":"ListItem","position":1,"name":"Home","item":"https:\/\/www.repub.sk\/"},{"@type":"ListItem","position":2,"name":"Genoc\u00eddy a ich prevencia"}]},{"@type":"WebSite","@id":"https:\/\/www.repub.sk\/#website","url":"https:\/\/www.repub.sk\/","name":"RE:PUB","description":"\u0161tudentsk\u00fd \u010dasopis","publisher":{"@id":"https:\/\/www.repub.sk\/#organization"},"potentialAction":[{"@type":"SearchAction","target":{"@type":"EntryPoint","urlTemplate":"https:\/\/www.repub.sk\/?s={search_term_string}"},"query-input":{"@type":"PropertyValueSpecification","valueRequired":true,"valueName":"search_term_string"}}],"inLanguage":"sk-SK"},{"@type":"Organization","@id":"https:\/\/www.repub.sk\/#organization","name":"RE:PUB","url":"https:\/\/www.repub.sk\/","logo":{"@type":"ImageObject","inLanguage":"sk-SK","@id":"https:\/\/www.repub.sk\/#\/schema\/logo\/image\/","url":"https:\/\/www.repub.sk\/wp-content\/uploads\/2024\/08\/repub-logo.png","contentUrl":"https:\/\/www.repub.sk\/wp-content\/uploads\/2024\/08\/repub-logo.png","width":427,"height":426,"caption":"RE:PUB"},"image":{"@id":"https:\/\/www.repub.sk\/#\/schema\/logo\/image\/"}},{"@type":"Person","@id":"https:\/\/www.repub.sk\/#\/schema\/person\/4af621f256e3efa40e73d25d0af7cd13","name":"Bc. Monika Lofflerov\u00e1","image":{"@type":"ImageObject","inLanguage":"sk-SK","@id":"https:\/\/www.repub.sk\/#\/schema\/person\/image\/","url":"https:\/\/secure.gravatar.com\/avatar\/75424b88ad3985b926dad27582b3cc894060aa82a056693cd4efc9a5eab604e3?s=96&d=mm&r=g","contentUrl":"https:\/\/secure.gravatar.com\/avatar\/75424b88ad3985b926dad27582b3cc894060aa82a056693cd4efc9a5eab604e3?s=96&d=mm&r=g","caption":"Bc. Monika Lofflerov\u00e1"},"url":"https:\/\/www.repub.sk\/?author=7"}]}},"_links":{"self":[{"href":"https:\/\/www.repub.sk\/index.php?rest_route=\/wp\/v2\/posts\/483","targetHints":{"allow":["GET"]}}],"collection":[{"href":"https:\/\/www.repub.sk\/index.php?rest_route=\/wp\/v2\/posts"}],"about":[{"href":"https:\/\/www.repub.sk\/index.php?rest_route=\/wp\/v2\/types\/post"}],"author":[{"embeddable":true,"href":"https:\/\/www.repub.sk\/index.php?rest_route=\/wp\/v2\/users\/7"}],"replies":[{"embeddable":true,"href":"https:\/\/www.repub.sk\/index.php?rest_route=%2Fwp%2Fv2%2Fcomments&post=483"}],"version-history":[{"count":3,"href":"https:\/\/www.repub.sk\/index.php?rest_route=\/wp\/v2\/posts\/483\/revisions"}],"predecessor-version":[{"id":487,"href":"https:\/\/www.repub.sk\/index.php?rest_route=\/wp\/v2\/posts\/483\/revisions\/487"}],"wp:attachment":[{"href":"https:\/\/www.repub.sk\/index.php?rest_route=%2Fwp%2Fv2%2Fmedia&parent=483"}],"wp:term":[{"taxonomy":"category","embeddable":true,"href":"https:\/\/www.repub.sk\/index.php?rest_route=%2Fwp%2Fv2%2Fcategories&post=483"},{"taxonomy":"post_tag","embeddable":true,"href":"https:\/\/www.repub.sk\/index.php?rest_route=%2Fwp%2Fv2%2Ftags&post=483"}],"curies":[{"name":"wp","href":"https:\/\/api.w.org\/{rel}","templated":true}]}}