{"id":450,"date":"2023-03-31T20:04:00","date_gmt":"2023-03-31T18:04:00","guid":{"rendered":"https:\/\/www.repub.sk\/?p=450"},"modified":"2023-04-30T17:39:44","modified_gmt":"2023-04-30T15:39:44","slug":"uvod-filozofie-revolucii","status":"publish","type":"post","link":"https:\/\/www.repub.sk\/?p=450","title":{"rendered":"\u00davod filozofie revol\u00faci\u00ed"},"content":{"rendered":"\n<p>(L\u00edvia J\u00e1no\u0161\u00edkov\u00e1 \u00a7 Martin \u0160oman) <\/p>\n\n\n\n<p><strong>Defin\u00edcia pojmu revol\u00facia<\/strong><\/p>\n\n\n\n<p>Ak chceme sk\u00fama\u0165 probl\u00e9m revol\u00facie, je v prvom rade potrebn\u00e1 jej samotn\u00e1 defin\u00edcia, ktor\u00e1 bude obsahova\u0165 viacdimenzion\u00e1lne h\u013eadisko potvrden\u00e9 na historickom v\u00fdvoji revol\u00faci\u00ed. Pojem revol\u00facia poch\u00e1dza z latinsk\u00e9ho revolutio, \u010do znamen\u00e1 od\u010fa\u013eovanie, ot\u00e1\u010danie alebo n\u00e1siln\u00fd n\u00e1vrat. Vo v\u0161eobecnom zmysle znamen\u00e1 revol\u00facia ka\u017ed\u00fd n\u00e1hly, prudk\u00fd a radik\u00e1lny v\u00fdvojov\u00fd skok ved\u00faci k podstatnej zmene predch\u00e1dzaj\u00faceho stavu. V politol\u00f3gii je revol\u00facia definovan\u00e1 ako n\u00e1siln\u00e1 zmena doteraj\u0161\u00edch spolo\u010densk\u00fdch pomerov, spojen\u00e1 zvy\u010dajne s v\u00fdmenou dr\u017eite\u013eov moci. <a href=\"http:\/\/Kolekt\u00edv autorov: Filosofick\u00fd slovn\u00edk. Olomouc: Nakladatelstv\u00ed Olomouc, 1998, s. 348.\">[1]<\/a> Taktie\u017e ide o fundament\u00e1lnu transform\u00e1ciu sociopolitick\u00fdch pomerov alebo o radik\u00e1lnu zmenu, ktor\u00e1 je zvy\u010dajne sp\u00f4soben\u00e1 pou\u017eit\u00edm sily namiesto konsenzu alebo leg\u00e1lnych prostriedkov.<a href=\"https:\/\/plato.stanford.edu\/entries\/revolution\/?fbclid=IwAR2OQqWEcegIpBFOxdHVraZIEywZSXzAn7vihuDJNxRwyox7TbwPf6D0dZk\">[2]<\/a> V procese revol\u00facie doteraj\u0161ie spolo\u010densk\u00e9 usporiadanie a leg\u00e1lne prostriedky str\u00e1caj\u00fa na v\u00fdzname a relevancii. Na z\u00e1klade pou\u017eitia sily diferencujeme revol\u00facie na n\u00e1siln\u00e9 revol\u00facie, mierov\u00e9 evol\u00facie alebo pomedzie t\u00fdchto dvoch typov.<a href=\"http:\/\/DIAMOND J.: Rozvrat. Jak se n\u00e1rody vyrovn\u00e1vaj\u00ed s krizemi. Brno: Jan Melvin Publishing, 2020, 1-135 s.\">[3] <\/a>V\u0161eobecne na z\u00e1klade dejinnopolitickej sk\u00fasenosti pova\u017eujeme za n\u00e1siln\u00fa revol\u00faciu napr\u00edklad Ve\u013ek\u00fa franc\u00fazsku revol\u00faciu. Pri uplatnen\u00ed rovnak\u00e9ho pr\u00edstupu je vhodn\u00fdm pr\u00edkladom mierovej evol\u00facie p\u00e1d socialistick\u00e9ho re\u017eimu v \u010ceskoslovensku zn\u00e1my ako takzvan\u00e1 Ne\u017en\u00e1 revol\u00facia. Posledn\u00fd typ revol\u00facie, ktor\u00fd sme zadefinovali ako pomedzie dvoch uveden\u00fdch typov je pr\u00edzna\u010dn\u00fd pre Japonsko v 19. storo\u010d\u00ed, kedy prebehlo n\u00e1silie po\u010das ob\u010dianskej vojny, v r\u00e1mci jednej \u010dasti spolo\u010dnosti, av\u0161ak cie\u013eom nebolo zvhrnutie mocenskej zlo\u017eky. Pri historickej reflexii \u010dasto z poh\u013eadu pozorovate\u013eov doch\u00e1dza k spl\u00fdvaniu mor\u00e1lnej a silovej typol\u00f3gie. Je v\u0161ak ot\u00e1zna vecnos\u0165 tohto hodnotenia, ke\u010f\u017ee doch\u00e1dza k strate relevancie b\u00fdval\u00e9ho leg\u00e1lneho r\u00e1mca. Taktie\u017e je mo\u017en\u00e9 revol\u00facie diferencova\u0165 na z\u00e1klade signifikantn\u00fdch zmien v \u017eivote jednotlivca, napr\u00edklad vplyvom technologick\u00e9ho pokroku. V tomto pr\u00edpade je nemo\u017en\u00e9 mor\u00e1lne h\u013eadisko aplikova\u0165. \u010eal\u0161\u00ed pojem s\u00favisiaci s revol\u00faciou je kr\u00edza, ktor\u00e1 predch\u00e1dza revolu\u010dn\u00e9mu aktu.<\/p>\n\n\n\n<p><strong>Kr\u00edza pod\u013ea Diamonda v kontexte revol\u00facie<\/strong><\/p>\n\n\n\n<p>Autor Jared Diamond pristupuje ku kr\u00edze prostredn\u00edctvom porovn\u00e1vania individu\u00e1lnych a n\u00e1rodn\u00fdch kr\u00edz. Vyty\u010duje 12 bodov rie\u0161enia kr\u00edzy jednotlivca a 9 bodov rie\u0161enia v\u00fdstupov n\u00e1rodn\u00fdch kr\u00edz, ktor\u00e9 mu sl\u00fa\u017eia ako paralely.<a href=\"http:\/\/DIAMOND, J.: Otrasy. Ako n\u00e1rody rie\u0161ia svoje kr\u00edzy. Bratislava: 2019, Premedia, s. 10 - 60.\">[4]<\/a> Kr\u00edzy jednotlivcov sa v\u0161ak nedaj\u00fa o\u010dak\u00e1va\u0165, na druh\u00fa stranu kr\u00edzy, ktor\u00fdmi trpia n\u00e1rody \u2013 klimatick\u00e1, ekonomick\u00e1 alebo bezpe\u010dnostn\u00e1 \u2013 sa pomerne \u010dasto daj\u00fa o\u010dak\u00e1va\u0165. V d\u00f4sledku kr\u00edzy str\u00e1caj\u00fa ako \u013eudia, tak aj n\u00e1rody ist\u00e9 \u010dasti svojich ident\u00edt, ktor\u00e9 sa st\u00e1vaj\u00fa nefunk\u010dn\u00fdmi a ne\u017eiad\u00facimi v kontexte nov\u00fdch podmienok. Diamond to opisuje v r\u00e1mci mozaiky<em>, \u201ev ktorej komplikovane koeexistuj\u00fa ved\u013ea seba tie najprotikladnej\u0161ie prvky.\u201d<\/em><a href=\"http:\/\/DIAMOND, J.: Otrasy. Ako n\u00e1rody rie\u0161ia svoje kr\u00edzy. Bratislava: 2019, Premedia, s. 10 - 60.\">[5]<\/a> Metafora mozaiky, ktorou Diamond vysvet\u013euje koexistenciu \u201estar\u00fdch\u201c a \u201enov\u00fdch\u201c ident\u00edt, je pr\u00edstupom reformistick\u00fdm. Fundament\u00e1lna ot\u00e1zka je pri bode obratu, kedy revol\u00facia toti\u017e nie je v\u00fdsledkom revol\u00facie. V\u00fdsledkom revolu\u010dn\u00fdch procesov je nastolenie nov\u00e9ho poriadku.<\/p>\n\n\n\n<p><strong>Glob\u00e1lna kr\u00edza \u2013 glob\u00e1lna revol\u00facia?&nbsp;<\/strong><\/p>\n\n\n\n<p>Aj ke\u010f je predpovedanie n\u00e1rodn\u00fdch kr\u00edz mo\u017en\u00e9, tak ako sme u\u017e uviedli, do revolu\u010dn\u00fdch procesov vstupuje ve\u013ek\u00e9 mno\u017estvo premenn\u00fdch, ktor\u00e9 nedok\u00e1\u017eeme predpoveda\u0165. Z\u00e1rove\u0148 nemusia by\u0165 tieto premenn\u00e9 vidite\u013en\u00e9 v obdob\u00ed priebehu t\u00fdchto procesov. Ich d\u00f4sledky m\u00f4\u017eu ma\u0165 ove\u013ea v\u00fdznamnej\u0161\u00ed vplyv na proces vytv\u00e1rania novej spolo\u010dnosti. Pr\u00edkladom procesov prebiehaj\u00facich na pozad\u00ed radik\u00e1lnych spolo\u010densk\u00fdch zmien s\u00fa d\u00f4sledky priemyselnej revol\u00facie v podobe zne\u010dis\u0165ovania \u017eivotn\u00e9ho prostredia. V\u00fdroba a konzum ako ka\u017edodenn\u00e1 s\u00fa\u010das\u0165 na\u0161ich \u017eivotov tvoria charakter spolo\u010densk\u00e9ho poriadku.&nbsp; Ak\u00fdko\u013evek z\u00e1sah do tohto spolo\u010densk\u00e9ho poriadku m\u00e1 drastick\u00fd dopad na na\u0161e rozhodovanie a konanie v jeho r\u00e1mcoch. Na pr\u00edklade priemyselnej revol\u00facie a jej d\u00f4sledkov vieme vysvetli\u0165 aj logiku \u010fal\u0161\u00edch kr\u00edz v glob\u00e1lnom rozmere. Za\u010diatok antropog\u00e9nnej klimatickej zmeny datujeme do obdobia priemyselnej revol\u00facie. Ak bol za\u010diatok spa\u013eovania fos\u00edlnych pal\u00edv bodom obratu v glob\u00e1lnom otep\u013eovan\u00ed,<a href=\"https:\/\/www.climatechange.environment.nsw.gov.au\/causes-climate-change\">[6]<\/a> tak m\u00f4\u017eeme kon\u0161tatova\u0165, \u017ee bol z\u00e1rove\u0148 za\u010diatkom klimatickej kr\u00edzy. V tomto obdob\u00ed do\u0161lo k transform\u00e1cii v oblasti v\u00fdroby a spotreby v glob\u00e1lnom meradle, \u010do znamen\u00e1, \u017ee aj rie\u0161enie vzniknutej kr\u00edzy si vy\u017eaduje glob\u00e1lny charakter. Rovnako tak je od tohto obdobia dominantn\u00fdm syst\u00e9mom ur\u010duj\u00facim svetov\u00fd poriadok ekonomick\u00fd model kapitalizmu. Ten stoj\u00ed na z\u00e1konitosti pravideln\u00fdch kr\u00edz a v\u00fdkyvov, ke\u010f\u017ee ich potrebuje pre svoje fungovanie.<a href=\"https:\/\/www.marxists.org\/archive\/kuruma\/crisis-overview.htm\">[7]<\/a><\/p>\n\n\n\n<p><strong>Revol\u00facia ako prirodzenos\u0165&nbsp;<\/strong><\/p>\n\n\n\n<p>V ontologickom pon\u00edman\u00ed fyzis je z\u00e1kladom kozmickej prepojenosti celku prechod od skryt\u00e9ho k neskryt\u00e9mu vo v\u0161etk\u00fdch procesoch, ktor\u00e9 zna\u010d\u00ed jednotu a jedine\u010dnos\u0165 v jednom, pohyb a poriadok t\u00fdm p\u00e1dom v\u017edy tvoria v hist\u00f3rii jednotu, \u010do znamen\u00e1, \u017ee revol\u00facie m\u00f4\u017eeme takisto ako stabilitu pova\u017eova\u0165 za nie\u010do prirodzen\u00e9.<a href=\"http:\/\/BEDN\u00c1\u0158 M.: Pohyb a \u0159\u00e1d. Pokus o fenomenologickou ontologii. Praha: Togga, 2018, 13-48 s.\">[8]<\/a> Nespokojnos\u0165 s pr\u00edtomnos\u0165ou u jednotlivca sa st\u00e1va hybnou silou jeho neposlu\u0161nosti, ktor\u00fa takisto m\u00f4\u017eeme vn\u00edma\u0165 ako prirodzen\u00fa. Revol\u00facie sa vyzna\u010duj\u00fa novos\u0165ou a zmenou fundamentov \u2013 ide o momenty, v ktor\u00fdch star\u00e9 zanik\u00e1 a nov\u00e9 vznik\u00e1 s\u00fabe\u017ene. U\u017e Diamondova te\u00f3ria mozaiky hovor\u00ed o tom, \u017ee po obdobiach otrasov a kr\u00edz nast\u00e1va ako u jednotlivca, tak aj u n\u00e1rodov moment, kedy ved\u013ea seba koexistuj\u00fa star\u00e1 identita (z obdobia pred kr\u00edzou) a nov\u00e1 identita (vznikaj\u00faca ako n\u00e1sledok vysporiadania sa s kr\u00edzou). Spor ako zjednocuj\u00faci a ve\u010dne sp\u00e1jaj\u00faci rozdiel \u2013 ke\u010f\u017ee je v kozme v\u0161etko prepojen\u00e9 a spor tu v\u017edy bol, v istom zmysle sp\u00e1ja (napr\u00edklad ak vznikne triedny spor, m\u00f4\u017ee spoji\u0165 triedu v revol\u00facii).<\/p>\n\n\n\n<p><strong>Celosvetov\u00e1 revol\u00facia a nov\u00fd \u010dlovek<\/strong><\/p>\n\n\n\n<p>Soci\u00e1lny psychol\u00f3g a humanistick\u00fd filozof Erich Fromm vo svojej knihe <em>Ma\u0165 \u010di by\u0165? <\/em>otv\u00e1ra t\u00e9zu zlyhania ve\u013ek\u00e9ho pr\u00eds\u013eubu. Tvrd\u00ed, \u017ee priemyseln\u00fd vek nenaplnil ve\u013ekolep\u00e9 o\u010dak\u00e1vania spojen\u00e9 s neobmedzen\u00fdm pokrokom a ekonomick\u00fdm rastom. Toto zlyhanie m\u00e1 pod\u013ea jeho tvrden\u00ed z\u00e1klad v dvoch psychologick\u00fdch premis\u00e1ch priemyseln\u00e9ho syst\u00e9mu. Prvou je viera v to, \u017ee pr\u00e1ve radik\u00e1lny hedonizmus prispieva k v\u0161eobecn\u00e9mu blahu. Druh\u00e1 premisa spo\u010d\u00edva v samotnom syst\u00e9me, ktor\u00fd plod\u00ed samo\u013e\u00fabos\u0165 a chamtivos\u0165. Pokia\u013e akceptujeme predpoklad, \u017ee premisa o tom, \u017ee len fundament\u00e1lna zmena v \u013eudskej povahe, spo\u010d\u00edvaj\u00faca v presune od prevahy sp\u00f4sobu ma\u0165 k prevahe sp\u00f4sobu by\u0165 n\u00e1s m\u00f4\u017ee zachr\u00e1ni\u0165 pred katastrofou ekonomick\u00e9ho \u010di psychologick\u00e9ho charakteru, naskyt\u00e1 sa n\u00e1m ot\u00e1zka: je zmena v takom ve\u013ekom rozsahu dne\u0161n\u00e9ho glob\u00e1lneho sveta mo\u017en\u00e1? A ak \u00e1no, ako by ju bolo mo\u017en\u00e9 dosiahnu\u0165? Zmena \u013eudskej povahy m\u00f4\u017ee pod\u013ea Fromma nasta\u0165 ak existuj\u00fa tieto podmienky:<\/p>\n\n\n\n<ol class=\"wp-block-list\"><li>Trp\u00edme a uvedomujeme si, \u017ee trp\u00edme.<\/li><li>Rozpozn\u00e1vame zdroj n\u00e1\u0161ho zl\u00e9ho stavu.<\/li><li>Ch\u00e1peme, \u017ee existuje sp\u00f4sob, ako n\u00e1\u0161 zl\u00fd stav prekona\u0165.<\/li><li>Uzn\u00e1vame, \u017ee na prekonanie n\u00e1\u0161ho zl\u00e9ho stavu mus\u00edme nasledova\u0165 ist\u00e9 normy pre \u017eitie a zmeni\u0165 n\u00e1\u0161 s\u00fa\u010dasn\u00fd sp\u00f4sob \u017eivota.<a href=\"http:\/\/FROMM, E.: Ma\u0165 \u010di by\u0165. Bratislava: Citadella, 2015, 90-110 s.\">[9]<\/a><\/li><\/ol>\n\n\n\n<p>Na prv\u00fd poh\u013ead by sa mohlo javi\u0165, \u017ee spolo\u010dnos\u0165 akt\u00edvne vn\u00edma tieto probl\u00e9my, a t\u00fdm p\u00e1dom je mo\u017en\u00e1 existencia z\u00e1verov, pod\u013ea Fromma potrebn\u00fdch pre uskuto\u010dnenie re\u00e1lnej zmeny. Ak je tomu tak, hovor\u00edme o celosvetovej zmene zm\u00fd\u0161\u013eania \u013eudsk\u00e9ho druhu. T\u00fdm p\u00e1dom aj o novom \u010dloveku.<\/p>\n\n\n\n<p><strong>Harlem<\/strong><\/p>\n\n\n\n<p><strong>LANGSTON HUGHES<\/strong><\/p>\n\n\n\n<p><strong>What happens to a dream deferred?<\/strong><\/p>\n\n\n\n<p>&nbsp;&nbsp;&nbsp;&nbsp;&nbsp;&nbsp;Does it dry up<\/p>\n\n\n\n<p>&nbsp;&nbsp;&nbsp;&nbsp;&nbsp;&nbsp;like a raisin in the sun?<\/p>\n\n\n\n<p>&nbsp;&nbsp;&nbsp;&nbsp;&nbsp;&nbsp;Or fester like a sore\u2014<\/p>\n\n\n\n<p>&nbsp;&nbsp;&nbsp;&nbsp;&nbsp;&nbsp;And then run?<\/p>\n\n\n\n<p>&nbsp;&nbsp;&nbsp;&nbsp;&nbsp;&nbsp;Does it stink like rotten meat?<\/p>\n\n\n\n<p>&nbsp;&nbsp;&nbsp;&nbsp;&nbsp;&nbsp;Or crust and sugar over\u2014<\/p>\n\n\n\n<p>&nbsp;&nbsp;&nbsp;&nbsp;&nbsp;&nbsp;like a syrupy sweet?<\/p>\n\n\n\n<p>&nbsp;&nbsp;&nbsp;&nbsp;&nbsp;&nbsp;Maybe it just sags<\/p>\n\n\n\n<p>&nbsp;&nbsp;&nbsp;&nbsp;&nbsp;&nbsp;like a heavy load.<\/p>\n\n\n\n<p>&nbsp;&nbsp;&nbsp;&nbsp;&nbsp;&nbsp;Or does it explode?<\/p>\n\n\n\n<hr class=\"wp-block-separator\"\/>\n\n\n\n<p><strong>Zdroje:\u00a0<\/strong><\/p>\n\n\n\n<p>ADAPT NSW: <em>Causes of climate change<\/em>. [online], [cit. 21\/3\/2023]. Dostupn\u00e9 na internete:<\/p>\n\n\n\n<p>&lt;https:\/\/www.climatechange.environment.nsw.gov.au\/causes-climate-change&gt;.<\/p>\n\n\n\n<p>BEDN\u00c1\u0158 M.: <em>Pohyb a \u0159\u00e1d. Pokus o fenomenologickou ontologii<\/em>. Praha: Togga, 2018, 336 s.&nbsp;<\/p>\n\n\n\n<p>DIAMOND, J.: <em>Otrasy: Ako n\u00e1rody rie\u0161ia svoje kr\u00edzy<\/em>. Bratislava: Premedia, 2019, 416 s.&nbsp;<\/p>\n\n\n\n<p>DIAMOND J.: <em>Rozvrat. Jak se n\u00e1rody vyrovn\u00e1vaj\u00ed s krizemi<\/em>. Brno: Jan Melvin Publishing, 2020, 408 s.<\/p>\n\n\n\n<p>FROMM, E.: <em>Ma\u0165 \u010di by\u0165<\/em>. Bratislava: Citadella, 2015, 292 s.<\/p>\n\n\n\n<p>Kolekt\u00edv autorov: <em>Filosofick\u00fd slovn\u00edk<\/em>. Olomouc: 1998, Nakladatelstv\u00ed Olomouc, 463 s.&nbsp;<\/p>\n\n\n\n<p>KURUMA S.: <em>An Overview of Marx\u2019s Theory of Crisis<\/em>. [online], [cit. 21\/3\/2023]. Dostupn\u00e9 na internete: &lt;https:\/\/www.marxists.org\/archive\/kuruma\/crisis-overview.htm&gt;.&nbsp;<\/p>\n\n\n\n<p>Stanford Encyclopedia of Philosophy: <em>Revolution<\/em>. [online], [cit. 21\/3\/2023]. Dostupn\u00e9 na internete: &lt;https:\/\/plato.stanford.edu\/entries\/revolution\/?fbclid=IwAR2OQqWEcegIpBFOxdHVraZIEywZSXzAn7vihuDJNxRwyox7TbwPf6D0dZk&gt;. <\/p>\n","protected":false},"excerpt":{"rendered":"<p>(L\u00edvia J\u00e1no\u0161\u00edkov\u00e1 \u00a7 Martin \u0160oman) Defin\u00edcia pojmu revol\u00facia Ak chceme sk\u00fama\u0165 probl\u00e9m revol\u00facie, je v prvom rade potrebn\u00e1 jej samotn\u00e1 defin\u00edcia, ktor\u00e1 bude obsahova\u0165 viacdimenzion\u00e1lne h\u013eadisko potvrden\u00e9 na historickom v\u00fdvoji revol\u00faci\u00ed. Pojem revol\u00facia poch\u00e1dza z latinsk\u00e9ho revolutio, \u010do znamen\u00e1 od\u010fa\u013eovanie, ot\u00e1\u010danie alebo n\u00e1siln\u00fd n\u00e1vrat. Vo v\u0161eobecnom zmysle znamen\u00e1 revol\u00facia ka\u017ed\u00fd n\u00e1hly, prudk\u00fd a radik\u00e1lny v\u00fdvojov\u00fd [&hellip;]<\/p>\n","protected":false},"author":11,"featured_media":0,"comment_status":"open","ping_status":"open","sticky":false,"template":"","format":"standard","meta":{"_monsterinsights_skip_tracking":false,"_monsterinsights_sitenote_active":false,"_monsterinsights_sitenote_note":"","_monsterinsights_sitenote_category":0,"footnotes":""},"categories":[14],"tags":[],"class_list":["post-450","post","type-post","status-publish","format-standard","hentry","category-filozofia"],"yoast_head":"<!-- This site is optimized with the Yoast SEO plugin v26.8 - https:\/\/yoast.com\/product\/yoast-seo-wordpress\/ -->\n<title>\u00davod filozofie revol\u00faci\u00ed - RE:PUB<\/title>\n<meta name=\"robots\" content=\"index, follow, max-snippet:-1, max-image-preview:large, max-video-preview:-1\" \/>\n<link rel=\"canonical\" href=\"https:\/\/www.repub.sk\/?p=450\" \/>\n<meta property=\"og:locale\" content=\"sk_SK\" \/>\n<meta property=\"og:type\" content=\"article\" \/>\n<meta property=\"og:title\" content=\"\u00davod filozofie revol\u00faci\u00ed - RE:PUB\" \/>\n<meta property=\"og:description\" content=\"(L\u00edvia J\u00e1no\u0161\u00edkov\u00e1 \u00a7 Martin \u0160oman) Defin\u00edcia pojmu revol\u00facia Ak chceme sk\u00fama\u0165 probl\u00e9m revol\u00facie, je v prvom rade potrebn\u00e1 jej samotn\u00e1 defin\u00edcia, ktor\u00e1 bude obsahova\u0165 viacdimenzion\u00e1lne h\u013eadisko potvrden\u00e9 na historickom v\u00fdvoji revol\u00faci\u00ed. Pojem revol\u00facia poch\u00e1dza z latinsk\u00e9ho revolutio, \u010do znamen\u00e1 od\u010fa\u013eovanie, ot\u00e1\u010danie alebo n\u00e1siln\u00fd n\u00e1vrat. Vo v\u0161eobecnom zmysle znamen\u00e1 revol\u00facia ka\u017ed\u00fd n\u00e1hly, prudk\u00fd a radik\u00e1lny v\u00fdvojov\u00fd [&hellip;]\" \/>\n<meta property=\"og:url\" content=\"https:\/\/www.repub.sk\/?p=450\" \/>\n<meta property=\"og:site_name\" content=\"RE:PUB\" \/>\n<meta property=\"article:published_time\" content=\"2023-03-31T18:04:00+00:00\" \/>\n<meta property=\"article:modified_time\" content=\"2023-04-30T15:39:44+00:00\" \/>\n<meta name=\"author\" content=\"Kolekt\u00edv autorov\" \/>\n<meta name=\"twitter:card\" content=\"summary_large_image\" \/>\n<meta name=\"twitter:label1\" content=\"Autor\" \/>\n\t<meta name=\"twitter:data1\" content=\"Kolekt\u00edv autorov\" \/>\n\t<meta name=\"twitter:label2\" content=\"Predpokladan\u00fd \u010das \u010d\u00edtania\" \/>\n\t<meta name=\"twitter:data2\" content=\"7 min\u00fat\" \/>\n<script type=\"application\/ld+json\" class=\"yoast-schema-graph\">{\"@context\":\"https:\/\/schema.org\",\"@graph\":[{\"@type\":\"Article\",\"@id\":\"https:\/\/www.repub.sk\/?p=450#article\",\"isPartOf\":{\"@id\":\"https:\/\/www.repub.sk\/?p=450\"},\"author\":{\"name\":\"Kolekt\u00edv autorov\",\"@id\":\"https:\/\/www.repub.sk\/#\/schema\/person\/974c2d6292242423fa9caa42763c3e87\"},\"headline\":\"\u00davod filozofie revol\u00faci\u00ed\",\"datePublished\":\"2023-03-31T18:04:00+00:00\",\"dateModified\":\"2023-04-30T15:39:44+00:00\",\"mainEntityOfPage\":{\"@id\":\"https:\/\/www.repub.sk\/?p=450\"},\"wordCount\":1611,\"commentCount\":0,\"publisher\":{\"@id\":\"https:\/\/www.repub.sk\/#organization\"},\"articleSection\":[\"FILOZOFIA\"],\"inLanguage\":\"sk-SK\",\"potentialAction\":[{\"@type\":\"CommentAction\",\"name\":\"Comment\",\"target\":[\"https:\/\/www.repub.sk\/?p=450#respond\"]}]},{\"@type\":\"WebPage\",\"@id\":\"https:\/\/www.repub.sk\/?p=450\",\"url\":\"https:\/\/www.repub.sk\/?p=450\",\"name\":\"\u00davod filozofie revol\u00faci\u00ed - RE:PUB\",\"isPartOf\":{\"@id\":\"https:\/\/www.repub.sk\/#website\"},\"datePublished\":\"2023-03-31T18:04:00+00:00\",\"dateModified\":\"2023-04-30T15:39:44+00:00\",\"breadcrumb\":{\"@id\":\"https:\/\/www.repub.sk\/?p=450#breadcrumb\"},\"inLanguage\":\"sk-SK\",\"potentialAction\":[{\"@type\":\"ReadAction\",\"target\":[\"https:\/\/www.repub.sk\/?p=450\"]}]},{\"@type\":\"BreadcrumbList\",\"@id\":\"https:\/\/www.repub.sk\/?p=450#breadcrumb\",\"itemListElement\":[{\"@type\":\"ListItem\",\"position\":1,\"name\":\"Home\",\"item\":\"https:\/\/www.repub.sk\/\"},{\"@type\":\"ListItem\",\"position\":2,\"name\":\"\u00davod filozofie revol\u00faci\u00ed\"}]},{\"@type\":\"WebSite\",\"@id\":\"https:\/\/www.repub.sk\/#website\",\"url\":\"https:\/\/www.repub.sk\/\",\"name\":\"RE:PUB\",\"description\":\"\u0161tudentsk\u00fd \u010dasopis\",\"publisher\":{\"@id\":\"https:\/\/www.repub.sk\/#organization\"},\"potentialAction\":[{\"@type\":\"SearchAction\",\"target\":{\"@type\":\"EntryPoint\",\"urlTemplate\":\"https:\/\/www.repub.sk\/?s={search_term_string}\"},\"query-input\":{\"@type\":\"PropertyValueSpecification\",\"valueRequired\":true,\"valueName\":\"search_term_string\"}}],\"inLanguage\":\"sk-SK\"},{\"@type\":\"Organization\",\"@id\":\"https:\/\/www.repub.sk\/#organization\",\"name\":\"RE:PUB\",\"url\":\"https:\/\/www.repub.sk\/\",\"logo\":{\"@type\":\"ImageObject\",\"inLanguage\":\"sk-SK\",\"@id\":\"https:\/\/www.repub.sk\/#\/schema\/logo\/image\/\",\"url\":\"https:\/\/www.repub.sk\/wp-content\/uploads\/2024\/08\/repub-logo.png\",\"contentUrl\":\"https:\/\/www.repub.sk\/wp-content\/uploads\/2024\/08\/repub-logo.png\",\"width\":427,\"height\":426,\"caption\":\"RE:PUB\"},\"image\":{\"@id\":\"https:\/\/www.repub.sk\/#\/schema\/logo\/image\/\"}},{\"@type\":\"Person\",\"@id\":\"https:\/\/www.repub.sk\/#\/schema\/person\/974c2d6292242423fa9caa42763c3e87\",\"name\":\"Kolekt\u00edv autorov\",\"image\":{\"@type\":\"ImageObject\",\"inLanguage\":\"sk-SK\",\"@id\":\"https:\/\/www.repub.sk\/#\/schema\/person\/image\/\",\"url\":\"https:\/\/secure.gravatar.com\/avatar\/8cee832cbe5e4633f3a0b3b0f46c6a2d7dcd36a2c04e97a6d78e802569b05542?s=96&d=mm&r=g\",\"contentUrl\":\"https:\/\/secure.gravatar.com\/avatar\/8cee832cbe5e4633f3a0b3b0f46c6a2d7dcd36a2c04e97a6d78e802569b05542?s=96&d=mm&r=g\",\"caption\":\"Kolekt\u00edv autorov\"},\"url\":\"https:\/\/www.repub.sk\/?author=11\"}]}<\/script>\n<!-- \/ Yoast SEO plugin. -->","yoast_head_json":{"title":"\u00davod filozofie revol\u00faci\u00ed - RE:PUB","robots":{"index":"index","follow":"follow","max-snippet":"max-snippet:-1","max-image-preview":"max-image-preview:large","max-video-preview":"max-video-preview:-1"},"canonical":"https:\/\/www.repub.sk\/?p=450","og_locale":"sk_SK","og_type":"article","og_title":"\u00davod filozofie revol\u00faci\u00ed - RE:PUB","og_description":"(L\u00edvia J\u00e1no\u0161\u00edkov\u00e1 \u00a7 Martin \u0160oman) Defin\u00edcia pojmu revol\u00facia Ak chceme sk\u00fama\u0165 probl\u00e9m revol\u00facie, je v prvom rade potrebn\u00e1 jej samotn\u00e1 defin\u00edcia, ktor\u00e1 bude obsahova\u0165 viacdimenzion\u00e1lne h\u013eadisko potvrden\u00e9 na historickom v\u00fdvoji revol\u00faci\u00ed. Pojem revol\u00facia poch\u00e1dza z latinsk\u00e9ho revolutio, \u010do znamen\u00e1 od\u010fa\u013eovanie, ot\u00e1\u010danie alebo n\u00e1siln\u00fd n\u00e1vrat. Vo v\u0161eobecnom zmysle znamen\u00e1 revol\u00facia ka\u017ed\u00fd n\u00e1hly, prudk\u00fd a radik\u00e1lny v\u00fdvojov\u00fd [&hellip;]","og_url":"https:\/\/www.repub.sk\/?p=450","og_site_name":"RE:PUB","article_published_time":"2023-03-31T18:04:00+00:00","article_modified_time":"2023-04-30T15:39:44+00:00","author":"Kolekt\u00edv autorov","twitter_card":"summary_large_image","twitter_misc":{"Autor":"Kolekt\u00edv autorov","Predpokladan\u00fd \u010das \u010d\u00edtania":"7 min\u00fat"},"schema":{"@context":"https:\/\/schema.org","@graph":[{"@type":"Article","@id":"https:\/\/www.repub.sk\/?p=450#article","isPartOf":{"@id":"https:\/\/www.repub.sk\/?p=450"},"author":{"name":"Kolekt\u00edv autorov","@id":"https:\/\/www.repub.sk\/#\/schema\/person\/974c2d6292242423fa9caa42763c3e87"},"headline":"\u00davod filozofie revol\u00faci\u00ed","datePublished":"2023-03-31T18:04:00+00:00","dateModified":"2023-04-30T15:39:44+00:00","mainEntityOfPage":{"@id":"https:\/\/www.repub.sk\/?p=450"},"wordCount":1611,"commentCount":0,"publisher":{"@id":"https:\/\/www.repub.sk\/#organization"},"articleSection":["FILOZOFIA"],"inLanguage":"sk-SK","potentialAction":[{"@type":"CommentAction","name":"Comment","target":["https:\/\/www.repub.sk\/?p=450#respond"]}]},{"@type":"WebPage","@id":"https:\/\/www.repub.sk\/?p=450","url":"https:\/\/www.repub.sk\/?p=450","name":"\u00davod filozofie revol\u00faci\u00ed - RE:PUB","isPartOf":{"@id":"https:\/\/www.repub.sk\/#website"},"datePublished":"2023-03-31T18:04:00+00:00","dateModified":"2023-04-30T15:39:44+00:00","breadcrumb":{"@id":"https:\/\/www.repub.sk\/?p=450#breadcrumb"},"inLanguage":"sk-SK","potentialAction":[{"@type":"ReadAction","target":["https:\/\/www.repub.sk\/?p=450"]}]},{"@type":"BreadcrumbList","@id":"https:\/\/www.repub.sk\/?p=450#breadcrumb","itemListElement":[{"@type":"ListItem","position":1,"name":"Home","item":"https:\/\/www.repub.sk\/"},{"@type":"ListItem","position":2,"name":"\u00davod filozofie revol\u00faci\u00ed"}]},{"@type":"WebSite","@id":"https:\/\/www.repub.sk\/#website","url":"https:\/\/www.repub.sk\/","name":"RE:PUB","description":"\u0161tudentsk\u00fd \u010dasopis","publisher":{"@id":"https:\/\/www.repub.sk\/#organization"},"potentialAction":[{"@type":"SearchAction","target":{"@type":"EntryPoint","urlTemplate":"https:\/\/www.repub.sk\/?s={search_term_string}"},"query-input":{"@type":"PropertyValueSpecification","valueRequired":true,"valueName":"search_term_string"}}],"inLanguage":"sk-SK"},{"@type":"Organization","@id":"https:\/\/www.repub.sk\/#organization","name":"RE:PUB","url":"https:\/\/www.repub.sk\/","logo":{"@type":"ImageObject","inLanguage":"sk-SK","@id":"https:\/\/www.repub.sk\/#\/schema\/logo\/image\/","url":"https:\/\/www.repub.sk\/wp-content\/uploads\/2024\/08\/repub-logo.png","contentUrl":"https:\/\/www.repub.sk\/wp-content\/uploads\/2024\/08\/repub-logo.png","width":427,"height":426,"caption":"RE:PUB"},"image":{"@id":"https:\/\/www.repub.sk\/#\/schema\/logo\/image\/"}},{"@type":"Person","@id":"https:\/\/www.repub.sk\/#\/schema\/person\/974c2d6292242423fa9caa42763c3e87","name":"Kolekt\u00edv autorov","image":{"@type":"ImageObject","inLanguage":"sk-SK","@id":"https:\/\/www.repub.sk\/#\/schema\/person\/image\/","url":"https:\/\/secure.gravatar.com\/avatar\/8cee832cbe5e4633f3a0b3b0f46c6a2d7dcd36a2c04e97a6d78e802569b05542?s=96&d=mm&r=g","contentUrl":"https:\/\/secure.gravatar.com\/avatar\/8cee832cbe5e4633f3a0b3b0f46c6a2d7dcd36a2c04e97a6d78e802569b05542?s=96&d=mm&r=g","caption":"Kolekt\u00edv autorov"},"url":"https:\/\/www.repub.sk\/?author=11"}]}},"_links":{"self":[{"href":"https:\/\/www.repub.sk\/index.php?rest_route=\/wp\/v2\/posts\/450","targetHints":{"allow":["GET"]}}],"collection":[{"href":"https:\/\/www.repub.sk\/index.php?rest_route=\/wp\/v2\/posts"}],"about":[{"href":"https:\/\/www.repub.sk\/index.php?rest_route=\/wp\/v2\/types\/post"}],"author":[{"embeddable":true,"href":"https:\/\/www.repub.sk\/index.php?rest_route=\/wp\/v2\/users\/11"}],"replies":[{"embeddable":true,"href":"https:\/\/www.repub.sk\/index.php?rest_route=%2Fwp%2Fv2%2Fcomments&post=450"}],"version-history":[{"count":3,"href":"https:\/\/www.repub.sk\/index.php?rest_route=\/wp\/v2\/posts\/450\/revisions"}],"predecessor-version":[{"id":472,"href":"https:\/\/www.repub.sk\/index.php?rest_route=\/wp\/v2\/posts\/450\/revisions\/472"}],"wp:attachment":[{"href":"https:\/\/www.repub.sk\/index.php?rest_route=%2Fwp%2Fv2%2Fmedia&parent=450"}],"wp:term":[{"taxonomy":"category","embeddable":true,"href":"https:\/\/www.repub.sk\/index.php?rest_route=%2Fwp%2Fv2%2Fcategories&post=450"},{"taxonomy":"post_tag","embeddable":true,"href":"https:\/\/www.repub.sk\/index.php?rest_route=%2Fwp%2Fv2%2Ftags&post=450"}],"curies":[{"name":"wp","href":"https:\/\/api.w.org\/{rel}","templated":true}]}}