{"id":1333,"date":"2025-01-31T16:25:55","date_gmt":"2025-01-31T15:25:55","guid":{"rendered":"https:\/\/www.repub.sk\/?p=1333"},"modified":"2025-02-01T16:29:23","modified_gmt":"2025-02-01T15:29:23","slug":"etnicke-a-nabozenske-konflikty-ako-pricina-nestability-politickych-systemov-sudanu-a-juzneho-sudanu","status":"publish","type":"post","link":"https:\/\/www.repub.sk\/?p=1333","title":{"rendered":"Etnick\u00e9 a n\u00e1bo\u017eensk\u00e9 konflikty ako pr\u00ed\u010dina nestability politick\u00fdch syst\u00e9mov Sud\u00e1nu a Ju\u017en\u00e9ho Sud\u00e1nu"},"content":{"rendered":"\n<p>Oblas\u0165 Afriky na \u00fazem\u00ed dvoch \u0161t\u00e1tov, v\u00a0s\u00fa\u010dasnosti Sud\u00e1nu a\u00a0Ju\u017en\u00e9ho Sud\u00e1nu, je jedn\u00fdm z\u00a0najmenej stabiln\u00fdch regi\u00f3nov tohto kontinentu. Rovnako ako u\u00a0v\u00e4\u010d\u0161iny s\u00fa\u010dasn\u00fdch \u0161t\u00e1tov Afriky, aj Sud\u00e1n a\u00a0Ju\u017en\u00fd Sud\u00e1n, boli kedysi kol\u00f3niami, ktor\u00e9 sa ocitli pod nadvl\u00e1dou vtedaj\u0161\u00edch svetov\u00fdch mocnost\u00ed na \u00fakor ich nedostato\u010dnej industrializ\u00e1cie, silnej kme\u0148ovej organiz\u00e1cie a\u00a0trad\u00edci\u00ed, ktor\u00e9 boli pre dan\u00e9 obyvate\u013estvo silnej\u0161ie ako ak\u00e1ko\u013evek v\u00edzia technologick\u00e9ho progresu. No po\u010diatky etnick\u00fdch a\u00a0najm\u00e4 n\u00e1bo\u017eensk\u00fdch konfliktov, m\u00f4\u017eeme na \u00fazem\u00ed Sud\u00e1nu (\u00fazemie Sud\u00e1nu e\u0161te pred rozdelen\u00edm \u2013 pre pochopenie historick\u00e9ho kontextu je potrebn\u00e9 identifikova\u0165 Sud\u00e1n e\u0161te pred rozdelen\u00edm v\u00a0roku 2011) pozorova\u0165 u\u017e v\u00a06. storo\u010d\u00ed n\u00e1\u0161ho letopo\u010dtu.[1]<\/p>\n\n\n\n<p>Expanz\u00edvnos\u0165 vtedaj\u0161ieho imp\u00e9ria, ak\u00fdm bola <em>Byzantsk\u00e1 r\u00ed\u0161a<\/em>, sa okrem \u00fazemn\u00e9ho roz\u0161irovania, zameriavala aj na \u0161\u00edrenie n\u00e1bo\u017eenstva, ktor\u00e9 bolo pova\u017eovan\u00e9 za k\u013e\u00fa\u010dov\u00e9 pri formovan\u00ed <em>byzantskej identity<\/em>, pri\u010dom i\u0161lo preva\u017ene o kres\u0165anstvo. Proces kristianiz\u00e1cie na \u00fazemiach mimo spr\u00e1vy Byzantskej r\u00ed\u0161e m\u00f4\u017eeme vn\u00edma\u0165 ako prepar\u00e1ciu na mo\u017en\u00e9 bud\u00face spravovanie tohto \u00fazemia, v\u010faka ktorej bude obyvate\u013estvo na danom \u00fazem\u00ed u\u017e vopred pripraven\u00e9, minim\u00e1lne z\u00a0n\u00e1bo\u017eenskej str\u00e1nky, prija\u0165 nadvl\u00e1du Byzantskej r\u00ed\u0161e, a\u00a0stoto\u017eni\u0165 sa s\u00a0identitou byzantsk\u00e9ho \u013eudu, resp. ch\u00e1pania byzantsk\u00e9ho \u017eivota, r\u00fdchlej\u0161ie. Kres\u0165anstvo sa teda na \u00fazem\u00ed vtedaj\u0161ieho Sud\u00e1nu za\u010dalo roz\u0161irova\u0165 v\u00a06. storo\u010d\u00ed, najm\u00e4 v\u00a0spr\u00e1vach kr\u00e1\u013eovstiev ak\u00fdmi boli <em>Nobatia<\/em>, <em>Mak\u00faria<\/em> a\u00a0<em>Alodia<\/em>. Spom\u00ednan\u00e9 kr\u00e1\u013eovstv\u00e1 vynikali v\u00a0budovan\u00ed kres\u0165ansk\u00fdch chr\u00e1mov, teda kostolov, a\u00a0tvorbou kres\u0165ansk\u00e9ho umenia. Kristianiz\u00e1cia ale postupom \u010dasu upadala, najm\u00e4 v\u00a0s\u00favislosti s\u00a0islamsk\u00fdm vplyvom, ktor\u00e9ho po\u010diatok evidujeme pribli\u017ene od 7. storo\u010dia n\u00e1\u0161ho letopo\u010dtu. Islam sa do povedomia miestnych obyvate\u013eov dost\u00e1val menej strojov\u00fdm sp\u00f4sobom ako kres\u0165anstvo. Prim\u00e1rne \u0161lo o\u00a0soci\u00e1lny kontakt s\u00a0moslimami, ktor\u00ed ale ne\u0161\u00edrili islam na pr\u00edkaz z\u00a0hora. Zv\u00e4\u010d\u0161a m\u00f4\u017eeme hovori\u0165 o\u00a0obchodn\u00edkoch, ktor\u00ed mali nad\u0161tandardn\u00e9 vz\u0165ahy s miestnym sud\u00e1nskym obyvate\u013estvom a\u00a0postupom \u010dasu ich indoktrinovali do viery islamu. Zosilnenie islamsk\u00e9ho vplyvu viedlo k\u00a0dohode zvanej <em>Baqt<\/em>, ktor\u00e1 zabezpe\u010dovala mier medzi islamsk\u00fdm <em>Egyptom<\/em> a\u00a0kr\u00e1\u013eovstvom <em>Mak\u00faria<\/em>, zjednodu\u0161ene teda m\u00f4\u017eeme hovori\u0165 o\u00a0mierovom pakte medzi islamom a\u00a0kres\u0165anstvom.[2]<\/p>\n\n\n\n<p>Je potrebn\u00e9 si uvedomi\u0165, \u017ee u\u017e tento historick\u00fd a n\u00e1bo\u017eensk\u00fd profil z\u00a0geografick\u00e9ho h\u013eadiska determinuje s\u00fa\u010dasn\u00e9 rozdelenie Sud\u00e1nu na dve \u0161t\u00e1ty (islamsk\u00fd vplyv od severn\u00e9ho suseda, teda Egyptu, a\u00a0kres\u0165ansk\u00fd vplyv ukotven\u00fd v\u00a0kr\u00e1\u013eovstv\u00e1ch sud\u00e1nskeho juhu). Spom\u00ednan\u00fd mierov\u00fd pakt ale nastolil mier len do prelomu 14. a\u00a015. storo\u010dia, kedy za\u010dal islam dominova\u0165, a\u00a0postupne sa toho chopili aj vtedaj\u0161\u00ed panovn\u00edci na severe \u00fazemia. V\u00fdsledkom bol vznik novej r\u00ed\u0161e <em>Funj<\/em>, ktor\u00e1 bola prim\u00e1rne postaven\u00e1 na islamskej viere, a\u00a0nach\u00e1dzala sa v\u00a0centr\u00e1lnej oblasti Sud\u00e1nu, teda o\u00a0krok bli\u017e\u0161ie k\u00a0islamsk\u00e9mu prevzatiu cel\u00e9ho \u00fazemia Sud\u00e1nu. R\u00ed\u0161a <em>Funj,<\/em> v\u00a0r\u00e1mci vetiev islamu zakladala na sunnitskej viere, ktor\u00e1 st\u00e1le dominuje aj v\u00a0s\u00fa\u010dasnosti v\u00a0r\u00e1mci islamu na \u00fazem\u00ed Sud\u00e1nu (po rozdelen\u00ed). V\u00a019. storo\u010d\u00ed u\u017e m\u00f4\u017eeme hovori\u0165 o\u00a0islamiz\u00e1cii sud\u00e1nskeho juhu. Juh vtedaj\u0161ieho Sud\u00e1nu izolovali od islamsk\u00e9ho vplyvu r\u00f4zne geografick\u00e9 bari\u00e9ry, teda pr\u00edrodn\u00e9 podmienky, a\u00a0siln\u00e1 kres\u0165ansk\u00e1 trad\u00edcia zapo\u010dat\u00e1 kr\u00e1\u013eovstvami zo 6. storo\u010dia. V\u00a0rokoch 1820 a\u017e 1898 bol Egypt zv\u00e4\u010d\u0161a pod osmanskou nadvl\u00e1dou, ktor\u00e1 je \u00fazko sp\u00e4t\u00e1 s\u00a0expanz\u00edvnos\u0165ou a islamiz\u00e1ciou obyvate\u013estva (ide\u00e1lnym pr\u00edkladom je \u00fazemie balk\u00e1nu). V\u00a0t\u00fdchto rokoch za\u010dali islamiza\u010dn\u00e9 procesy smerovan\u00e9 na juh \u00fazemia Sud\u00e1nu, no svoj vrchol dosiahli v\u00a0obdob\u00ed sud\u00e1nskeho <em>Mahdistick\u00e9ho \u0161t\u00e1tu<\/em> (1885 \u2013 1898), ktor\u00fd pod veden\u00edm panovn\u00edka <em>Mahdiho <\/em>(Mahdi bol zn\u00e1my ako islamsk\u00fd revolucion\u00e1r, ktor\u00fd burcoval \u013eud do vedenia sv\u00e4tej vojny s\u00a0in\u00fdmi n\u00e1bo\u017eenstvami) za\u010dal eliminova\u0165 v\u0161etk\u00fdch <em>\u201eneveriacich\u201c<\/em> (teda vyzn\u00e1vaj\u00facich in\u00e9 n\u00e1bo\u017eenstvo ako islam) obyvate\u013eov jeho \u0161t\u00e1tu, no ani za jeho vl\u00e1dy sa nepodarilo odstr\u00e1ni\u0165 kres\u0165anstvo z\u00a0\u00fazemia juhu.[3]<\/p>\n\n\n\n<p>Kres\u0165ania \u017eij\u00faci v\u00a0Sud\u00e1ne poc\u00edtili nesk\u00f4r upokojenie paradoxne (paradox je evidentn\u00fd vo veci auton\u00f3mie juhu ako kres\u0165anskej ba\u0161ty) po\u010das obdobia koloniz\u00e1cie Ve\u013ekou Brit\u00e1niou. Toto obdobie je zn\u00e1me podporovan\u00edm kres\u0165anstva, no to je z\u00a0poh\u013eadu islamsk\u00e9ho Sud\u00e1nu zase obdobie nap\u00e4tia, ke\u010f\u017ee islamsk\u00e1 viera sa b\u00e1la mo\u017en\u00e9ho posilnenia kres\u0165anstva z\u00a0juhu. Toto upokojenie ale skon\u010dilo v\u00a0roku 1956, kedy Sud\u00e1n z\u00edskal nez\u00e1vislos\u0165 a\u00a0geograficky existoval ako sme ho poznali do roku 2011, a\u00a0z\u00a0dlhodob\u00e9ho h\u013eadiska v\u0161etky popredn\u00e9 hlavy \u0161t\u00e1tu, boli sk\u00f4r naklonen\u00e9 islamiz\u00e1cii Sud\u00e1nu, ako udr\u017eiavaniu n\u00e1bo\u017eenskej a\u00a0etnickej stability medzi severom a\u00a0juhom.[4]<\/p>\n\n\n\n<p>V\u0161etky tieto doposia\u013e spomenut\u00e9 historick\u00e9 faktory prispeli k\u00a0eskal\u00e1cii nap\u00e4tia v\u00a0post koloni\u00e1lnej \u00e9re nez\u00e1visl\u00e9ho Sud\u00e1nu a\u00a0\u017eiadne snahy o\u00a0stabilitu neuspeli. Vyvrcholen\u00edm boja severu proti juhu, teda boja arabov vyzn\u00e1vaj\u00facich islam s\u00a0tradi\u010dnej\u0161\u00edmi africk\u00fdmi etnikami vyzn\u00e1vaj\u00facimi preva\u017ene kres\u0165anstvo, boli dokopy dve ob\u010dianske vojny. Podstatou t\u00fdchto ob\u010dianskych vojen boli najm\u00e4 snahy juhu z\u00edska\u0165 auton\u00f3miu, no v\u017edy to z\u00e1viselo na tom ako radik\u00e1lne islamsk\u00e9 je vedenie \u0161t\u00e1tu. Prakticky cel\u00fa druh\u00fa polovicu 20. storo\u010dia a\u017e po rozdelenie v\u00a0roku 2011, striedali obdobia auton\u00f3mie juhu, s\u00a0obdobiami centralizovanej vl\u00e1dy severu, teda situ\u00e1cia bola v\u017edy zrkadlom vedenia \u0161t\u00e1tu, no nikdy sa nezaobi\u0161la bez n\u00e1siln\u00fdch rie\u0161en\u00ed. Vyvrcholen\u00edm bol tzv. <em>\u201eComprehensive Peace Agreement\u201c<\/em>, ktor\u00fd bol oboma stranami schv\u00e1len\u00fd v\u00a0roku 2005. T\u00e1to dohoda ukon\u010dila druh\u00fa ob\u010diansku vojnu, zabezpe\u010dila mier, a\u00a0poskytla juhu siln\u00fa mieru auton\u00f3mie, v\u010faka ktorej si ob\u010dania mohli zvyka\u0165 na formovanie svojho politick\u00e9ho syst\u00e9mu, ke\u010f\u017ee s\u00fa\u010das\u0165ou dohody bolo aj uznesenie o\u00a0konan\u00ed referenda t\u00fdkaj\u00face sa \u00a0rozdelenia Sud\u00e1nu, pl\u00e1novan\u00e9 na rok 2011. Referendum v\u00a0roku 2011 sa konalo pod drobnoh\u013eadom medzin\u00e1rodn\u00fdch pozorovate\u013eov (s\u00fa\u010das\u0165 dohody z\u00a0roku 2005). \u00da\u010das\u0165 bola vysok\u00e1, ke\u010f\u017ee hlasovalo okolo 97% opr\u00e1vnen\u00fdch voli\u010dov, ktor\u00ed zahlasovali za rozdelenie Sud\u00e1nu pomerom 98,8% za, ku 1,2% proti rozdeleniu (platn\u00fdch hlasov). 9.7.2011 bola teda vyhl\u00e1sen\u00e1 nez\u00e1vislos\u0165 Ju\u017en\u00e9ho Sud\u00e1nu, \u010d\u00edm sa stal najmlad\u0161\u00edm \u0161t\u00e1tom sveta, a\u00a0medzi \u0161t\u00e1tmi, ktor\u00e9 uznali existenciu Ju\u017en\u00e9ho Sud\u00e1nu patr\u00ed aj samotn\u00fd Sud\u00e1n, \u010do je zauj\u00edmav\u00fdm faktorom, ke\u010f\u017ee podobn\u00fdm procesom si pre\u0161lo aj Kosovo, a\u00a0Srbsko jeho existenciu neuznalo.[5]<\/p>\n\n\n\n<p>Napriek oslav\u00e1m o\u00a0vzniku nov\u00e9ho \u0161t\u00e1tu si obyvatelia uvedomili, ak\u00fdm sp\u00f4sobom bol ekonomicky vz\u00e1jomne z\u00e1visl\u00fd sever a\u00a0juh Sud\u00e1nu. Na \u00fazem\u00ed Ju\u017en\u00e9ho Sud\u00e1nu sa nach\u00e1dza preva\u017ene 75% ropn\u00fdch z\u00e1sob (z obdobia pred rozdelen\u00edm), no v\u0161etky ropovody, infra\u0161trukt\u00faru, pr\u00edstavy, centr\u00e1 transportu ropy, zostali na \u00fazem\u00ed Sud\u00e1nu. Viackr\u00e1t od rozdelenia Sud\u00e1nu bola zastaven\u00e1 produkcia ropy, \u010do je vzh\u013eadom na fakt, \u017ee produkcia ropy predstavuje prim\u00e1rne zdroje bohatstva Sud\u00e1nu, a\u00a0Ju\u017en\u00e9ho Sud\u00e1nu, katastrof\u00e1lnym ekonomick\u00fdm z\u00e1verom a\u00a0zdrojom v\u00fdrazn\u00e9ho ochudobnenia, ktor\u00e9 postihlo takmer ka\u017ed\u00e9ho.[6]<\/p>\n\n\n\n<p>Ke\u010f\u017ee sa v\u00a0Ju\u017enom Sud\u00e1ne nach\u00e1dza pribli\u017ene 64 etnick\u00fdch skup\u00edn, ihne\u010f po rozdelen\u00ed si niektor\u00e9 etnik\u00e1 uvedomili, \u017ee na novom \u00fazemnom rozdelen\u00ed maj\u00fa potenci\u00e1l v\u00e4\u010d\u0161ieho vplyvu ako za obdobia jedn\u00e9ho \u0161t\u00e1tu, a\u00a0svojej \u0161ance sa chopili. Medzi najv\u00e4\u010d\u0161ie etnik\u00e1 patria obyvatelia <em>Dinka<\/em>, a\u00a0obyvatelia <em>Nuer<\/em>, ktor\u00ed sa zapr\u00ed\u010dinili o\u00a0po\u010datie novej ob\u010dianskej vojny, ktor\u00e1 vypukla v\u00a0Ju\u017enom Sud\u00e1ne v\u00a0roku 2013 a\u00a0trvala 5 rokov. Pr\u00edslu\u0161n\u00edci etnika <em>Dinka<\/em> boli na strane prv\u00e9ho prezidenta Ju\u017en\u00e9ho Sud\u00e1nu, <em>Salvu Kiira<\/em> (din\u010dan), a\u00a0obyvatelia <em>Nuer<\/em> na druh\u00fa stranu podporovali jeho viceprezidenta <em>Rieka Macharu<\/em> (nuer\u010dan), v\u00a0snahe uchopi\u0165 moc.[7]<\/p>\n\n\n\n<p>Rovnak\u00e9 dopady na ekonomiku a\u00a0stabilitu ako v\u00a0Ju\u017enom Sud\u00e1ne s\u00fa aj v\u00a0Sud\u00e1ne. V\u00a0s\u00fa\u010dasnosti sa Sud\u00e1n nach\u00e1dza v\u00a0stave ob\u010dianskej vojny, do ktorej s\u00fa zapojen\u00e9 r\u00f4zne sily, a\u00a0z\u00a0ktor\u00e9ho prvotn\u00e9ho lok\u00e1lneho etnick\u00e9ho vyvra\u017e\u010fovania na \u00fazem\u00ed <em>Darfuru<\/em> (juhoz\u00e1pad Sud\u00e1nu), ktor\u00e9 je preva\u017ene ob\u00fdvan\u00e9 <em>Masalitsk\u00fdm<\/em> etnikom, pri\u010dom pr\u00ed\u010diny vyvra\u017e\u010fovania tohto etnika nie s\u00fa zn\u00e1me a\u00a0pretrv\u00e1vaj\u00fa vy\u0161e 10 rokov, sa stala dlhotrvaj\u00faca ob\u010dianska vojna, ktorej d\u00f4sledkom je takmer absol\u00fatna devalv\u00e1cia \u0161tandardn\u00fdch politick\u00fdch in\u0161tit\u00facii.[8]<\/p>\n\n\n\n<p>Rozdelenie Sud\u00e1nu teda neprinieslo stabilitu, poriadok, v\u00edziu do bud\u00facnosti, ale preh\u013abenie prvotn\u00e9ho etnicko-n\u00e1bo\u017eensk\u00e9ho konfliktu, v&nbsp;e\u0161te v\u00e4\u010d\u0161ej miere a&nbsp;razancii. Ju\u017en\u00fd Sud\u00e1n za\u017e\u00edva jednu z&nbsp;najhor\u0161\u00edch humanit\u00e1rnych kr\u00edz v&nbsp;hist\u00f3rii \u013eudstva, v&nbsp;kombin\u00e1cii s&nbsp;nestabiln\u00fdm etnick\u00fdm rozpolo\u017een\u00edm, a&nbsp;Sud\u00e1n sa stal v\u010faka ob\u010dianskej vojne konfliktom dvoch str\u00e1n, ktor\u00e9 maj\u00fa vo zvyklosti radik\u00e1lne rie\u0161enia a&nbsp;v\u010faka, ktor\u00fdm sa obyvate\u013estvo v Sud\u00e1ne polarizuje, pri\u010dom je evidentn\u00e9 aj geopolitick\u00e9 nastavenie t\u00fdchto dvoch str\u00e1n, akoby za obdobia studenej vojny (jedna strana nakupuje zbrane prim\u00e1rne od Ruskej Feder\u00e1cie a im naklonen\u00fdch \u0161t\u00e1tov, a&nbsp;druh\u00e1 od Spojen\u00fdch \u0161t\u00e1tov a&nbsp;spojencov). \u010co maj\u00fa obe situ\u00e1cie spolo\u010dn\u00e9 je, \u017ee rie\u0161enie je v&nbsp;nedoh\u013eadne. Ekonomick\u00e1 z\u00e1vislos\u0165 na rope sp\u00f4sobuje, \u017ee Ju\u017en\u00fd Sud\u00e1n nem\u00e1 in\u00fa mo\u017enos\u0165 ako rokova\u0165 so Sud\u00e1nom o&nbsp;spolupr\u00e1ci, no nevie zabezpe\u010di\u0165 stabilitu v\u00fdvozu ropy v\u010faka nest\u00e1lej vl\u00e1de, nefunguj\u00facemu stran\u00edckemu syst\u00e9mu a&nbsp;\u0161iroko diverzifikovan\u00e9mu etnick\u00e9mu profilu, no na druh\u00fa stranu, moment\u00e1lne je v&nbsp;Sud\u00e1ne prakticky vojensk\u00fd re\u017eim a&nbsp;v\u00edzia obchodn\u00e9ho rokovania je naru\u0161en\u00e1 v\u010faka tomu, \u017ee v&nbsp;skutku nem\u00e1 Ju\u017en\u00fd Sud\u00e1n s&nbsp;k\u00fdm rokova\u0165 (je \u0165a\u017ek\u00e9 ur\u010di\u0165, kto m\u00e1 v&nbsp;Sud\u00e1ne re\u00e1lnu moc), neh\u013eadiac na fakt, \u017ee v&nbsp;Sud\u00e1ne moment\u00e1lne vl\u00e1dne ten, kto m\u00e1 viacej arzen\u00e1lu, a&nbsp;\u013eudovo povedan\u00e9, v&nbsp;ruk\u00e1ch v\u00e4\u010d\u0161\u00ed kaliber.<\/p>\n\n\n\n<p>\u00dazemie Sud\u00e1nu ilustruje, ak\u00fa siln\u00fa \u00falohu dok\u00e1\u017eu hra\u0165 etnik\u00e1, priamo napojen\u00e9 na n\u00e1bo\u017eenstvo, v\u00a0ot\u00e1zke uchopenia politickej moci, a\u00a0\u010di je v\u00f4bec mo\u017en\u00e9 etnick\u00fd konflikt z\u00a0dlhodob\u00e9ho h\u013eadiska vyrie\u0161i\u0165, alebo sa uspokoji\u0165 s\u00a0h\u013eadan\u00edm kompromisu, ktor\u00fd v\u00fdsledne, v\u00a0pr\u00edpade Sud\u00e1nu, a\u00a0ako je v\u00a0tejto pr\u00e1ci historicky dok\u00e1zan\u00e9 a\u00a0analyzovan\u00e9, prinies\u0165 kr\u00e1tkodob\u00e9 rie\u0161enie, striedaj\u00face sa s\u00a0n\u00e1sledn\u00fdm vypuknut\u00edm konfliktu a\u00a0destabiliz\u00e1ciou politick\u00e9ho syst\u00e9mu.<\/p>\n\n\n\n<hr class=\"wp-block-separator has-alpha-channel-opacity\"\/>\n\n\n\n<p><strong>Zdroje:<\/strong><\/p>\n\n\n\n<p>[1] MALWAL Bona. Sudan and South Sudan: From One to Two, 2015.<\/p>\n\n\n\n<p>[2] MALWAL Bona. Sudan and South Sudan: From One to Two, 2015.<\/p>\n\n\n\n<p>Byzantine Religion: A Pillar of the Byzantine Empire [online]. Byzantine Empire [cit. 30.11.2024]. Dostupn\u00e9 z: https:\/\/byzantineempire.org\/byzantine-religion-a-pillar-of-the-byzantine-empire\/<\/p>\n\n\n\n<p>[3] MALWAL Bona. Sudan and South Sudan: From One to Two, 2015.<\/p>\n\n\n\n<p>\u00a0 The Mahdiyyah of Sudan [online]. Encyclopedia Brittanica, 2024 [cit. 30.11.2024]. Dostupn\u00e9 z: https:\/\/www.britannica.com\/place\/Sudan\/The-Mahdiyyah<\/p>\n\n\n\n<p>[4] MALWAL Bona. Sudan and South Sudan: From One to Two, 2015.<\/p>\n\n\n\n<p>[5] S. NATSIOS Andrew. Sudan, South Sudan, and Darfur: What Everyone needs to know, 2012.<\/p>\n\n\n\n<p>[<a id=\"_ftn6\" href=\"#_ftnref6\">6]<\/a> The World Bank In South Sudan [online]. World Bank Group, 2024 [cit. 30.11.2024]. Dostupn\u00e9 z: https:\/\/www.worldbank.org\/en\/country\/southsudan\/overview<\/p>\n\n\n\n<p><a href=\"#_ftnref7\" id=\"_ftn7\">[7]<\/a> S. NATSIOS Andrew. Sudan, South Sudan, and Darfur: What Everyone needs to know, 2012.<\/p>\n\n\n\n<p><a href=\"#_ftnref8\" id=\"_ftn8\">[8]<\/a> S. NATSIOS Andrew. Sudan, South Sudan, and Darfur: What Everyone needs to know, 2012.<\/p>\n\n\n\n<p>\u00a0MALWAL Bona. Sudan and South Sudan: From One to Two, 2015. <\/p>\n\n\n\n<p><\/p>\n","protected":false},"excerpt":{"rendered":"<p>Oblas\u0165 Afriky na \u00fazem\u00ed dvoch \u0161t\u00e1tov, v\u00a0s\u00fa\u010dasnosti Sud\u00e1nu a\u00a0Ju\u017en\u00e9ho Sud\u00e1nu, je jedn\u00fdm z\u00a0najmenej stabiln\u00fdch regi\u00f3nov tohto kontinentu. Rovnako ako u\u00a0v\u00e4\u010d\u0161iny s\u00fa\u010dasn\u00fdch \u0161t\u00e1tov Afriky, aj Sud\u00e1n a\u00a0Ju\u017en\u00fd Sud\u00e1n, boli kedysi kol\u00f3niami, ktor\u00e9 sa ocitli pod nadvl\u00e1dou vtedaj\u0161\u00edch svetov\u00fdch mocnost\u00ed na \u00fakor ich nedostato\u010dnej industrializ\u00e1cie, silnej kme\u0148ovej organiz\u00e1cie a\u00a0trad\u00edci\u00ed, ktor\u00e9 boli pre dan\u00e9 obyvate\u013estvo silnej\u0161ie ako ak\u00e1ko\u013evek [&hellip;]<\/p>\n","protected":false},"author":38,"featured_media":0,"comment_status":"open","ping_status":"open","sticky":false,"template":"","format":"standard","meta":{"_monsterinsights_skip_tracking":false,"_monsterinsights_sitenote_active":false,"_monsterinsights_sitenote_note":"","_monsterinsights_sitenote_category":0,"footnotes":""},"categories":[5],"tags":[],"class_list":["post-1333","post","type-post","status-publish","format-standard","hentry","category-analyzy"],"yoast_head":"<!-- This site is optimized with the Yoast SEO plugin v26.8 - https:\/\/yoast.com\/product\/yoast-seo-wordpress\/ -->\n<title>Etnick\u00e9 a n\u00e1bo\u017eensk\u00e9 konflikty ako pr\u00ed\u010dina nestability politick\u00fdch syst\u00e9mov Sud\u00e1nu a Ju\u017en\u00e9ho Sud\u00e1nu - RE:PUB<\/title>\n<meta name=\"robots\" content=\"index, follow, max-snippet:-1, max-image-preview:large, max-video-preview:-1\" \/>\n<link rel=\"canonical\" href=\"https:\/\/www.repub.sk\/?p=1333\" \/>\n<meta property=\"og:locale\" content=\"sk_SK\" \/>\n<meta property=\"og:type\" content=\"article\" \/>\n<meta property=\"og:title\" content=\"Etnick\u00e9 a n\u00e1bo\u017eensk\u00e9 konflikty ako pr\u00ed\u010dina nestability politick\u00fdch syst\u00e9mov Sud\u00e1nu a Ju\u017en\u00e9ho Sud\u00e1nu - RE:PUB\" \/>\n<meta property=\"og:description\" content=\"Oblas\u0165 Afriky na \u00fazem\u00ed dvoch \u0161t\u00e1tov, v\u00a0s\u00fa\u010dasnosti Sud\u00e1nu a\u00a0Ju\u017en\u00e9ho Sud\u00e1nu, je jedn\u00fdm z\u00a0najmenej stabiln\u00fdch regi\u00f3nov tohto kontinentu. Rovnako ako u\u00a0v\u00e4\u010d\u0161iny s\u00fa\u010dasn\u00fdch \u0161t\u00e1tov Afriky, aj Sud\u00e1n a\u00a0Ju\u017en\u00fd Sud\u00e1n, boli kedysi kol\u00f3niami, ktor\u00e9 sa ocitli pod nadvl\u00e1dou vtedaj\u0161\u00edch svetov\u00fdch mocnost\u00ed na \u00fakor ich nedostato\u010dnej industrializ\u00e1cie, silnej kme\u0148ovej organiz\u00e1cie a\u00a0trad\u00edci\u00ed, ktor\u00e9 boli pre dan\u00e9 obyvate\u013estvo silnej\u0161ie ako ak\u00e1ko\u013evek [&hellip;]\" \/>\n<meta property=\"og:url\" content=\"https:\/\/www.repub.sk\/?p=1333\" \/>\n<meta property=\"og:site_name\" content=\"RE:PUB\" \/>\n<meta property=\"article:published_time\" content=\"2025-01-31T15:25:55+00:00\" \/>\n<meta property=\"article:modified_time\" content=\"2025-02-01T15:29:23+00:00\" \/>\n<meta name=\"author\" content=\"Viktor Antony\" \/>\n<meta name=\"twitter:card\" content=\"summary_large_image\" \/>\n<meta name=\"twitter:label1\" content=\"Autor\" \/>\n\t<meta name=\"twitter:data1\" content=\"Viktor Antony\" \/>\n\t<meta name=\"twitter:label2\" content=\"Predpokladan\u00fd \u010das \u010d\u00edtania\" \/>\n\t<meta name=\"twitter:data2\" content=\"9 min\u00fat\" \/>\n<script type=\"application\/ld+json\" class=\"yoast-schema-graph\">{\"@context\":\"https:\/\/schema.org\",\"@graph\":[{\"@type\":\"Article\",\"@id\":\"https:\/\/www.repub.sk\/?p=1333#article\",\"isPartOf\":{\"@id\":\"https:\/\/www.repub.sk\/?p=1333\"},\"author\":{\"name\":\"Viktor Antony\",\"@id\":\"https:\/\/www.repub.sk\/#\/schema\/person\/0ef419fc05822a64d68045eade1de51a\"},\"headline\":\"Etnick\u00e9 a n\u00e1bo\u017eensk\u00e9 konflikty ako pr\u00ed\u010dina nestability politick\u00fdch syst\u00e9mov Sud\u00e1nu a Ju\u017en\u00e9ho Sud\u00e1nu\",\"datePublished\":\"2025-01-31T15:25:55+00:00\",\"dateModified\":\"2025-02-01T15:29:23+00:00\",\"mainEntityOfPage\":{\"@id\":\"https:\/\/www.repub.sk\/?p=1333\"},\"wordCount\":2088,\"commentCount\":0,\"publisher\":{\"@id\":\"https:\/\/www.repub.sk\/#organization\"},\"articleSection\":[\"ANAL\u00ddZY\"],\"inLanguage\":\"sk-SK\",\"potentialAction\":[{\"@type\":\"CommentAction\",\"name\":\"Comment\",\"target\":[\"https:\/\/www.repub.sk\/?p=1333#respond\"]}]},{\"@type\":\"WebPage\",\"@id\":\"https:\/\/www.repub.sk\/?p=1333\",\"url\":\"https:\/\/www.repub.sk\/?p=1333\",\"name\":\"Etnick\u00e9 a n\u00e1bo\u017eensk\u00e9 konflikty ako pr\u00ed\u010dina nestability politick\u00fdch syst\u00e9mov Sud\u00e1nu a Ju\u017en\u00e9ho Sud\u00e1nu - RE:PUB\",\"isPartOf\":{\"@id\":\"https:\/\/www.repub.sk\/#website\"},\"datePublished\":\"2025-01-31T15:25:55+00:00\",\"dateModified\":\"2025-02-01T15:29:23+00:00\",\"breadcrumb\":{\"@id\":\"https:\/\/www.repub.sk\/?p=1333#breadcrumb\"},\"inLanguage\":\"sk-SK\",\"potentialAction\":[{\"@type\":\"ReadAction\",\"target\":[\"https:\/\/www.repub.sk\/?p=1333\"]}]},{\"@type\":\"BreadcrumbList\",\"@id\":\"https:\/\/www.repub.sk\/?p=1333#breadcrumb\",\"itemListElement\":[{\"@type\":\"ListItem\",\"position\":1,\"name\":\"Home\",\"item\":\"https:\/\/www.repub.sk\/\"},{\"@type\":\"ListItem\",\"position\":2,\"name\":\"Etnick\u00e9 a n\u00e1bo\u017eensk\u00e9 konflikty ako pr\u00ed\u010dina nestability politick\u00fdch syst\u00e9mov Sud\u00e1nu a Ju\u017en\u00e9ho Sud\u00e1nu\"}]},{\"@type\":\"WebSite\",\"@id\":\"https:\/\/www.repub.sk\/#website\",\"url\":\"https:\/\/www.repub.sk\/\",\"name\":\"RE:PUB\",\"description\":\"\u0161tudentsk\u00fd \u010dasopis\",\"publisher\":{\"@id\":\"https:\/\/www.repub.sk\/#organization\"},\"potentialAction\":[{\"@type\":\"SearchAction\",\"target\":{\"@type\":\"EntryPoint\",\"urlTemplate\":\"https:\/\/www.repub.sk\/?s={search_term_string}\"},\"query-input\":{\"@type\":\"PropertyValueSpecification\",\"valueRequired\":true,\"valueName\":\"search_term_string\"}}],\"inLanguage\":\"sk-SK\"},{\"@type\":\"Organization\",\"@id\":\"https:\/\/www.repub.sk\/#organization\",\"name\":\"RE:PUB\",\"url\":\"https:\/\/www.repub.sk\/\",\"logo\":{\"@type\":\"ImageObject\",\"inLanguage\":\"sk-SK\",\"@id\":\"https:\/\/www.repub.sk\/#\/schema\/logo\/image\/\",\"url\":\"https:\/\/www.repub.sk\/wp-content\/uploads\/2024\/08\/repub-logo.png\",\"contentUrl\":\"https:\/\/www.repub.sk\/wp-content\/uploads\/2024\/08\/repub-logo.png\",\"width\":427,\"height\":426,\"caption\":\"RE:PUB\"},\"image\":{\"@id\":\"https:\/\/www.repub.sk\/#\/schema\/logo\/image\/\"}},{\"@type\":\"Person\",\"@id\":\"https:\/\/www.repub.sk\/#\/schema\/person\/0ef419fc05822a64d68045eade1de51a\",\"name\":\"Viktor Antony\",\"image\":{\"@type\":\"ImageObject\",\"inLanguage\":\"sk-SK\",\"@id\":\"https:\/\/www.repub.sk\/#\/schema\/person\/image\/\",\"url\":\"https:\/\/secure.gravatar.com\/avatar\/711a7e7f77a08ba379523cc07631089f7aa94110beba34919f42c78b4429a565?s=96&d=mm&r=g\",\"contentUrl\":\"https:\/\/secure.gravatar.com\/avatar\/711a7e7f77a08ba379523cc07631089f7aa94110beba34919f42c78b4429a565?s=96&d=mm&r=g\",\"caption\":\"Viktor Antony\"},\"url\":\"https:\/\/www.repub.sk\/?author=38\"}]}<\/script>\n<!-- \/ Yoast SEO plugin. -->","yoast_head_json":{"title":"Etnick\u00e9 a n\u00e1bo\u017eensk\u00e9 konflikty ako pr\u00ed\u010dina nestability politick\u00fdch syst\u00e9mov Sud\u00e1nu a Ju\u017en\u00e9ho Sud\u00e1nu - RE:PUB","robots":{"index":"index","follow":"follow","max-snippet":"max-snippet:-1","max-image-preview":"max-image-preview:large","max-video-preview":"max-video-preview:-1"},"canonical":"https:\/\/www.repub.sk\/?p=1333","og_locale":"sk_SK","og_type":"article","og_title":"Etnick\u00e9 a n\u00e1bo\u017eensk\u00e9 konflikty ako pr\u00ed\u010dina nestability politick\u00fdch syst\u00e9mov Sud\u00e1nu a Ju\u017en\u00e9ho Sud\u00e1nu - RE:PUB","og_description":"Oblas\u0165 Afriky na \u00fazem\u00ed dvoch \u0161t\u00e1tov, v\u00a0s\u00fa\u010dasnosti Sud\u00e1nu a\u00a0Ju\u017en\u00e9ho Sud\u00e1nu, je jedn\u00fdm z\u00a0najmenej stabiln\u00fdch regi\u00f3nov tohto kontinentu. Rovnako ako u\u00a0v\u00e4\u010d\u0161iny s\u00fa\u010dasn\u00fdch \u0161t\u00e1tov Afriky, aj Sud\u00e1n a\u00a0Ju\u017en\u00fd Sud\u00e1n, boli kedysi kol\u00f3niami, ktor\u00e9 sa ocitli pod nadvl\u00e1dou vtedaj\u0161\u00edch svetov\u00fdch mocnost\u00ed na \u00fakor ich nedostato\u010dnej industrializ\u00e1cie, silnej kme\u0148ovej organiz\u00e1cie a\u00a0trad\u00edci\u00ed, ktor\u00e9 boli pre dan\u00e9 obyvate\u013estvo silnej\u0161ie ako ak\u00e1ko\u013evek [&hellip;]","og_url":"https:\/\/www.repub.sk\/?p=1333","og_site_name":"RE:PUB","article_published_time":"2025-01-31T15:25:55+00:00","article_modified_time":"2025-02-01T15:29:23+00:00","author":"Viktor Antony","twitter_card":"summary_large_image","twitter_misc":{"Autor":"Viktor Antony","Predpokladan\u00fd \u010das \u010d\u00edtania":"9 min\u00fat"},"schema":{"@context":"https:\/\/schema.org","@graph":[{"@type":"Article","@id":"https:\/\/www.repub.sk\/?p=1333#article","isPartOf":{"@id":"https:\/\/www.repub.sk\/?p=1333"},"author":{"name":"Viktor Antony","@id":"https:\/\/www.repub.sk\/#\/schema\/person\/0ef419fc05822a64d68045eade1de51a"},"headline":"Etnick\u00e9 a n\u00e1bo\u017eensk\u00e9 konflikty ako pr\u00ed\u010dina nestability politick\u00fdch syst\u00e9mov Sud\u00e1nu a Ju\u017en\u00e9ho Sud\u00e1nu","datePublished":"2025-01-31T15:25:55+00:00","dateModified":"2025-02-01T15:29:23+00:00","mainEntityOfPage":{"@id":"https:\/\/www.repub.sk\/?p=1333"},"wordCount":2088,"commentCount":0,"publisher":{"@id":"https:\/\/www.repub.sk\/#organization"},"articleSection":["ANAL\u00ddZY"],"inLanguage":"sk-SK","potentialAction":[{"@type":"CommentAction","name":"Comment","target":["https:\/\/www.repub.sk\/?p=1333#respond"]}]},{"@type":"WebPage","@id":"https:\/\/www.repub.sk\/?p=1333","url":"https:\/\/www.repub.sk\/?p=1333","name":"Etnick\u00e9 a n\u00e1bo\u017eensk\u00e9 konflikty ako pr\u00ed\u010dina nestability politick\u00fdch syst\u00e9mov Sud\u00e1nu a Ju\u017en\u00e9ho Sud\u00e1nu - RE:PUB","isPartOf":{"@id":"https:\/\/www.repub.sk\/#website"},"datePublished":"2025-01-31T15:25:55+00:00","dateModified":"2025-02-01T15:29:23+00:00","breadcrumb":{"@id":"https:\/\/www.repub.sk\/?p=1333#breadcrumb"},"inLanguage":"sk-SK","potentialAction":[{"@type":"ReadAction","target":["https:\/\/www.repub.sk\/?p=1333"]}]},{"@type":"BreadcrumbList","@id":"https:\/\/www.repub.sk\/?p=1333#breadcrumb","itemListElement":[{"@type":"ListItem","position":1,"name":"Home","item":"https:\/\/www.repub.sk\/"},{"@type":"ListItem","position":2,"name":"Etnick\u00e9 a n\u00e1bo\u017eensk\u00e9 konflikty ako pr\u00ed\u010dina nestability politick\u00fdch syst\u00e9mov Sud\u00e1nu a Ju\u017en\u00e9ho Sud\u00e1nu"}]},{"@type":"WebSite","@id":"https:\/\/www.repub.sk\/#website","url":"https:\/\/www.repub.sk\/","name":"RE:PUB","description":"\u0161tudentsk\u00fd \u010dasopis","publisher":{"@id":"https:\/\/www.repub.sk\/#organization"},"potentialAction":[{"@type":"SearchAction","target":{"@type":"EntryPoint","urlTemplate":"https:\/\/www.repub.sk\/?s={search_term_string}"},"query-input":{"@type":"PropertyValueSpecification","valueRequired":true,"valueName":"search_term_string"}}],"inLanguage":"sk-SK"},{"@type":"Organization","@id":"https:\/\/www.repub.sk\/#organization","name":"RE:PUB","url":"https:\/\/www.repub.sk\/","logo":{"@type":"ImageObject","inLanguage":"sk-SK","@id":"https:\/\/www.repub.sk\/#\/schema\/logo\/image\/","url":"https:\/\/www.repub.sk\/wp-content\/uploads\/2024\/08\/repub-logo.png","contentUrl":"https:\/\/www.repub.sk\/wp-content\/uploads\/2024\/08\/repub-logo.png","width":427,"height":426,"caption":"RE:PUB"},"image":{"@id":"https:\/\/www.repub.sk\/#\/schema\/logo\/image\/"}},{"@type":"Person","@id":"https:\/\/www.repub.sk\/#\/schema\/person\/0ef419fc05822a64d68045eade1de51a","name":"Viktor Antony","image":{"@type":"ImageObject","inLanguage":"sk-SK","@id":"https:\/\/www.repub.sk\/#\/schema\/person\/image\/","url":"https:\/\/secure.gravatar.com\/avatar\/711a7e7f77a08ba379523cc07631089f7aa94110beba34919f42c78b4429a565?s=96&d=mm&r=g","contentUrl":"https:\/\/secure.gravatar.com\/avatar\/711a7e7f77a08ba379523cc07631089f7aa94110beba34919f42c78b4429a565?s=96&d=mm&r=g","caption":"Viktor Antony"},"url":"https:\/\/www.repub.sk\/?author=38"}]}},"_links":{"self":[{"href":"https:\/\/www.repub.sk\/index.php?rest_route=\/wp\/v2\/posts\/1333","targetHints":{"allow":["GET"]}}],"collection":[{"href":"https:\/\/www.repub.sk\/index.php?rest_route=\/wp\/v2\/posts"}],"about":[{"href":"https:\/\/www.repub.sk\/index.php?rest_route=\/wp\/v2\/types\/post"}],"author":[{"embeddable":true,"href":"https:\/\/www.repub.sk\/index.php?rest_route=\/wp\/v2\/users\/38"}],"replies":[{"embeddable":true,"href":"https:\/\/www.repub.sk\/index.php?rest_route=%2Fwp%2Fv2%2Fcomments&post=1333"}],"version-history":[{"count":2,"href":"https:\/\/www.repub.sk\/index.php?rest_route=\/wp\/v2\/posts\/1333\/revisions"}],"predecessor-version":[{"id":1335,"href":"https:\/\/www.repub.sk\/index.php?rest_route=\/wp\/v2\/posts\/1333\/revisions\/1335"}],"wp:attachment":[{"href":"https:\/\/www.repub.sk\/index.php?rest_route=%2Fwp%2Fv2%2Fmedia&parent=1333"}],"wp:term":[{"taxonomy":"category","embeddable":true,"href":"https:\/\/www.repub.sk\/index.php?rest_route=%2Fwp%2Fv2%2Fcategories&post=1333"},{"taxonomy":"post_tag","embeddable":true,"href":"https:\/\/www.repub.sk\/index.php?rest_route=%2Fwp%2Fv2%2Ftags&post=1333"}],"curies":[{"name":"wp","href":"https:\/\/api.w.org\/{rel}","templated":true}]}}