{"id":1329,"date":"2025-01-31T16:24:36","date_gmt":"2025-01-31T15:24:36","guid":{"rendered":"https:\/\/www.repub.sk\/?p=1329"},"modified":"2025-02-01T16:25:37","modified_gmt":"2025-02-01T15:25:37","slug":"porovnanie-vysledkov-belgickych-federalnych-volieb-z-roku-2019-a-2024","status":"publish","type":"post","link":"https:\/\/www.repub.sk\/?p=1329","title":{"rendered":"Porovnanie v\u00fdsledkov belgick\u00fdch feder\u00e1lnych volieb z roku 2019 a 2024"},"content":{"rendered":"\n<p>Belgick\u00fd volebn\u00fd syst\u00e9m je \u0161pecifick\u00fd pre pomern\u00e9 zast\u00fapenie, kde s\u00fa z\u00e1stupcovia volen\u00ed v&nbsp;11 volebn\u00fdch obvodoch. Tento model je z\u00e1kladom na predpoklad pre nekore\u0161ponduj\u00face hodnoty v&nbsp;zmysle priamej \u00famery, ako to pozn\u00e1me na Slovensku \u2013 viac hlasov = viac mand\u00e1tov. Pre nezaujat\u00e9ho pozorovate\u013ea tak m\u00f4\u017eu p\u00f4sobi\u0165 m\u00e4t\u00faco.<\/p>\n\n\n\n<p>Po\u010det registrovan\u00fdch voli\u010dov bol v\u00a0roku 2019 stanoven\u00fdch na 8\u00a0167\u00a0709 \u013eud\u00ed, pri\u010dom svoj hlas pri\u0161lo odovzda\u0165 7\u00a0218\u00a0633 obyvate\u013eov, \u010do predstavuje volebn\u00fa \u00fa\u010das\u0165 vo v\u00fd\u0161ke 88,38%. Z\u00a0toho bolo platn\u00fdch 93,9% hlasovac\u00edch l\u00edstkov a\u00a0bielych\/pr\u00e1zdnych bolo 6,1% &#8211; 438\u00a0095 hlasov. V\u00a0roku 2024 bolo registrovan\u00fdch 8\u00a0368\u00a0029 voli\u010dov a\u00a0vo vo\u013eb\u00e1ch participovalo 7\u00a0401\u00a0483, teda 88,45%. Po\u010det platn\u00fdch hlasov oproti roku 2019 st\u00fapol na 94,4% a\u00a0neplatn\u00e9 l\u00edstky odovzdalo 416\u00a0577 voli\u010dov, teda 5,6%. Nezvy\u010dajne vysok\u00e1 volebn\u00e1 \u00fa\u010das\u0165 v\u00a0Belgicku je zaisten\u00e1 povinn\u00fdmi vo\u013ebami, ktor\u00e9 sa v\u00a0debat\u00e1ch st\u00e1vaj\u00fa kontroverznou t\u00e9mou, av\u0161ak vypl\u00fdvaj\u00fa z\u00a0historickej sk\u00fasenosti, kde boli povinn\u00e9 vo\u013eby zaveden\u00e9 u\u017e v\u00a0roku 1893.[1]<\/p>\n\n\n\n<p>Vo vo\u013eb\u00e1ch konaj\u00facich sa 9 j\u00fana 2024 zv\u00ed\u0165azila Nov\u00e1 Fl\u00e1mska Aliancia (N-VA) so ziskom 16,71%, \u010do je viac ako 1\u00a0167\u00a0000 hlasov. To im v\u00a0parlamente zaru\u010duje 24 kresiel a\u00a0z\u00e1rove\u0148 s\u00fa najv\u00e4\u010d\u0161ou stranou v\u00a0parlamente po t\u00fdchto vo\u013eb\u00e1ch. Oproti vo\u013eb\u00e1m v\u00a0roku 2019 v\u00a0kone\u010dnom meran\u00ed s\u00edce z\u00edskali o\u00a00,68% viac, no stratili jedno kreslo.[2]<\/p>\n\n\n\n<p>Druhou stranou s\u00a0najvy\u0161\u0161\u00edm z\u00edskan\u00fdm po\u010dtom hlasov je Fl\u00e1msky Z\u00e1ujem (Vlaams Belang). Z\u00edskali 961\u00a0601 hlasov, teda 13,77% a\u00a0na z\u00e1klade toho im je v\u00a0parlamente pridelen\u00fdch 20 kresiel. Po vo\u013eb\u00e1ch v\u00a0roku 2019 mali v\u00a0parlamente iba 18 kresiel a\u00a0neprekro\u010dili hranicu 12%.[3]<\/p>\n\n\n\n<p>Tre\u0165ou stranou, av\u0161ak tie\u017e so ziskom 20 kresiel je Hnutie Reformy (MR). V\u00a0posledn\u00fdch vo\u013eb\u00e1ch z\u00edskali 10,26% hlasov, \u010do je o\u00a02,70% viac ako v\u00a0predo\u0161l\u00fdch vo\u013eb\u00e1ch, \u010do im v\u00a0parlamente zaistilo o\u00a06 kresiel viac so ziskom 716\u00a0934 voli\u010dov.[4] <\/p>\n\n\n\n<p>Aj Belgick\u00e1 strana pracuj\u00facich (PTB, PVDA) z\u00edskala viac kresiel ako v\u00a0predo\u0161l\u00fdch vo\u013eb\u00e1ch. Moment\u00e1lne maj\u00fa 15 z\u00e1stupcov v\u00a0parlamente, \u010do je o\u00a03 viac ako to bolo v\u00a0predo\u0161lom volebnom obdob\u00ed. Z\u00edskali len o\u00a030\u00a0000 hlasov menej ako Hnutie Reformy (688\u00a0369), no napriek tomu si oproti minul\u00fdm vo\u013eb\u00e1m polep\u0161ili o\u00a01,23%.[5]<\/p>\n\n\n\n<p>S\u00a013 kreslami obsadila piate miesto strana Dopredu (Vooruit), ktor\u00e1 tie\u017e st\u00fapla na popularite. V\u00a0porovnan\u00ed s\u00a0vo\u013ebami z\u00a0roku 2019 z\u00edskali o\u00a04 kresl\u00e1 viac a\u00a0vy\u0161e 566 tis\u00edc hlasov, \u010do predstavuje 8,11%. Je to o\u00a01,4% viac ako v\u00a0predo\u0161l\u00fdch vo\u013eb\u00e1ch.[6]<\/p>\n\n\n\n<p>Socialistick\u00e1 strana (PS) z\u00edskala 561\u00a0602 hlasov, teda 8,04%, no napriek tomu m\u00e1 16 mand\u00e1tov. Je to prv\u00e1 strana, ktor\u00e1 stratila svojich podporovate\u013eov v\u00a0porovnan\u00ed s\u00a0predo\u0161l\u00fdm volebn\u00fdm obdob\u00edm. Ide konkr\u00e9tne o\u00a04 mand\u00e1ty a\u00a0percentu\u00e1lne vyjadren\u00e9 ide o\u00a0stratu 1,42%.[7]<\/p>\n\n\n\n<p>Tesne za nimi skon\u010dili Kres\u0165ansk\u00ed demokrati vo Fl\u00e1msku (CD&amp;V) so 4 tis\u00edcovou stratou hlasov na Socialistick\u00fa stranu. Tak isto evidujeme prepad o\u00a00,91%, \u010do v\u00a0kone\u010dnom d\u00f4sledku znamen\u00e1, \u017ee z\u00a0p\u00f4vodn\u00fdch 12 kresiel v\u00a0parlamente im ost\u00e1va 11.[8]<\/p>\n\n\n\n<p>Oddan\u00ed (Les Engag\u00e9s) sa nach\u00e1dzaj\u00fa na 8. mieste so ziskom 472\u00a0755 hlasov. Za posledn\u00fdch 5 rokov z\u00edskali na popularite, ke\u010f\u017ee dosiahli takmer dvojn\u00e1sobn\u00fa podporu oproti vo\u013eb\u00e1m v\u00a0roku 2019. Z\u00a03,7% sa dostali a\u017e na 6,77% a\u00a0ide o\u00a0stranu, ktor\u00e1 v\u00a0porovnan\u00ed s\u00a0minul\u00fdmi vo\u013ebami z\u00edskala rozdielom s\u00fa\u010dtov a\u017e 9 kresiel, \u010do je najviac spomedzi v\u0161etk\u00fdch str\u00e1n. Po vo\u013eb\u00e1ch v\u00a0roku 2024 maj\u00fa 14 mand\u00e1tov.[9]<\/p>\n\n\n\n<p>Otvoren\u00ed fl\u00e1mski liber\u00e1li a\u00a0demokrati (OPEN VLD), naopak, podporu stratili. Hlas im odovzdalo 380\u00a0659 \u013eud\u00ed, \u010do predstavuje 5,45% z\u00a0p\u00f4vodn\u00fdch 8,54% v\u00a0roku 2019. To sa uk\u00e1zalo aj na po\u010dte kresiel v\u00a0parlamente, ktor\u00fdch po\u010det klesol z\u00a012 na 7.[10]<\/p>\n\n\n\n<p>Zelen\u00ed (Groen) dostal do parlamentu 6 poslancov, ktor\u00ed bud\u00fa reprezentova\u0165 hlas 324\u00a0608 voli\u010dov. Z\u00a0celkov\u00e9ho po\u010dtu percent ide o\u00a04,65%-n\u00fa podporu, no aj strana Zelen\u00fdch stratila podporu. V\u00a0roku 2019 mali a\u017e 6,11%, pri\u010dom v\u00a0roku 2024 z\u00edskali o\u00a01,46% menej, \u010do vy\u00fastilo aj do straty 2 mand\u00e1tov.[11]<\/p>\n\n\n\n<p>Naopak, oproti strane Oddan\u00ed zaznamenala strana Konfeder\u00e1cia ekol\u00f3gov pre organiz\u00e1ciu p\u00f4vodn\u00e9ho boja(\u00c9colo) najv\u00e4\u010d\u0161\u00ed prepad v\u00a0po\u010dte poslaneck\u00fdch kresiel. Z\u00a0p\u00f4vodn\u00fdch 13 obh\u00e1jili iba 3 mand\u00e1ty a\u00a0stratili viac ako polovicu svojho elektor\u00e1tu. Percentu\u00e1lna strata je 3,22%. Po vo\u013eb\u00e1ch z\u00edskali len 2,93%, \u010do predstavuje 204\u00a0438 hlasov.[12]<\/p>\n\n\n\n<p>Poslednou stranou ktor\u00e1 sa do parlamentu dostala je Frankof\u00f3nny demokratick\u00fd front (D\u00e9FI), ktor\u00e1 m\u00e1 len jeden mand\u00e1t a\u00a0odvolilo ju 84\u00a0024 voli\u010dov. Z\u00edskala 1,2% a\u00a0oproti minul\u00fdm vo\u013eb\u00e1m stratila takmer polovicu voli\u010dov, \u010d\u00edm stratila aj jedno poslaneck\u00e9 kreslo.[13]<\/p>\n\n\n\n<p>Do parlamentu sa nedostalo 13 politick\u00fdch str\u00e1n, \u010do znamen\u00e1, \u017ee 299\u00a0027 hlasov nie je zast\u00fapen\u00fdch v\u00a0parlamente a\u00a0nebolo zoh\u013eadnen\u00fdch pri prerozdelen\u00ed mand\u00e1tov. Pr\u00e1ve t\u00fdmto sa zaober\u00e1 strana Blanco, ktor\u00e1 bola 13. v\u00a0porad\u00ed so ziskom 75\u00a0683 hlasov a\u00a0vo svojom programe vol\u00e1 iba po zmene volebn\u00e9ho syst\u00e9mu. Hovor\u00ed o\u00a0po\u010dte neplatn\u00fdch hlasov (438\u00a0095) a\u00a0po\u010dte hlasov nebran\u00fdch do \u00favahy, preto\u017ee strany sa nach\u00e1dzali pod prahom zvolite\u013enosti (299\u00a0027), a\u00a0rovnako aj o\u00a0po\u010dte \u013eud\u00ed, ktor\u00ed nepri\u0161li voli\u0165 (966\u00a0546). Celkovo tak ide o\u00a01\u00a0703\u00a0668 \u013eud\u00ed, ktor\u00ed v\u00a0parlamente nemaj\u00fa zast\u00fapenie, teda ide o\u00a020,35% obyvate\u013estva. V\u00a0kone\u010dnom d\u00f4sledku 1 z\u00a05 voli\u010dov neudel\u00ed mand\u00e1t alebo nechcel da\u0165 mand\u00e1t t\u00fdm, ktor\u00fd ho zastupuj\u00fa, no napriek tomu po proporci\u00e1lnom rozdelen\u00ed hlasov tieto strany z\u00edskaj\u00fa 30 \u201ebonusov\u00fdch kresiel,\u201c \u010do je vo verejn\u00fdch v\u00fddavkoch viac ako 15 mili\u00f3nov \u20ac ro\u010dne. Strana never\u00ed, \u017ee by tradi\u010dn\u00e9 strany zoh\u013eadnili tieto hlasy, a\u00a0preto vznikol tento politick\u00fd subjekt, ktor\u00fd dementuje, \u017ee zvolen\u00ed predstavitelia by mali 2 \u00falohy: novela volebn\u00e9ho z\u00e1kona,\u00a0pr\u00edprava rev\u00edzie \u00fastavy a\u00a0pr\u00edtomnos\u0165 na hlasovaniach v\u00a0rokovacej s\u00e1le, ale zdr\u017eanie sa ka\u017ed\u00e9ho hlasovania.[14] \u201e<em>Nebud\u00fa sa z\u00fa\u010dast\u0148ova\u0165 na rozprav\u00e1ch a nevyjadria \u017eiadne stanovisko k \u017eiadnej inej t\u00e9me ako k jedin\u00e9mu bodu programu. Iba v pr\u00edpade n\u00e1vrhov, ktor\u00e9 s\u00fa potrebn\u00e9 na z\u00edskanie mo\u017enosti na nepridelen\u00e9 miesto na hlasovacom l\u00edstku, bude zvolen\u00e1 strana BLANCO hlasova\u0165 za.\u201c<\/em>[15]<\/p>\n\n\n\n<hr class=\"wp-block-separator has-alpha-channel-opacity\"\/>\n\n\n\n<p><strong>Zdroje:<\/strong><\/p>\n\n\n\n<p>[1] Feder\u00e1lny verejn\u00fd \u00farad pre vn\u00fatorn\u00e9 z\u00e1le\u017eitosti. Feder\u00e1lne vo\u013eby 2024. Dostupn\u00e9 na internete: https:\/\/resultatselection.belgium.be\/fr\/election-results\/chambre-des-repr%C3%A9sentants\/2024\/royaume\/251712<\/p>\n\n\n\n<p>[2] Feder\u00e1lny verejn\u00fd \u00farad pre vn\u00fatorn\u00e9 z\u00e1le\u017eitosti. Feder\u00e1lne vo\u013eby 2024. Dostupn\u00e9 na internete: https:\/\/resultatselection.belgium.be\/fr\/election-results\/chambre-des-repr%C3%A9sentants\/2024\/royaume\/251712<\/p>\n\n\n\n<p>[3] Feder\u00e1lny verejn\u00fd \u00farad pre vn\u00fatorn\u00e9 z\u00e1le\u017eitosti. Feder\u00e1lne vo\u013eby 2024. Dostupn\u00e9 na internete: https:\/\/resultatselection.belgium.be\/fr\/election-results\/chambre-des-repr%C3%A9sentants\/2024\/royaume\/251712<\/p>\n\n\n\n<p>[4] Feder\u00e1lny verejn\u00fd \u00farad pre vn\u00fatorn\u00e9 z\u00e1le\u017eitosti. Feder\u00e1lne vo\u013eby 2024. Dostupn\u00e9 na internete: https:\/\/resultatselection.belgium.be\/fr\/election-results\/chambre-des-repr%C3%A9sentants\/2024\/royaume\/251712<\/p>\n\n\n\n<p>[5] Feder\u00e1lny verejn\u00fd \u00farad pre vn\u00fatorn\u00e9 z\u00e1le\u017eitosti. Feder\u00e1lne vo\u013eby 2024. Dostupn\u00e9 na internete: https:\/\/resultatselection.belgium.be\/fr\/election-results\/chambre-des-repr%C3%A9sentants\/2024\/royaume\/251712<\/p>\n\n\n\n<p>[6] Feder\u00e1lny verejn\u00fd \u00farad pre vn\u00fatorn\u00e9 z\u00e1le\u017eitosti. Feder\u00e1lne vo\u013eby 2024. Dostupn\u00e9 na internete: https:\/\/resultatselection.belgium.be\/fr\/election-results\/chambre-des-repr%C3%A9sentants\/2024\/royaume\/251712<\/p>\n\n\n\n<p>[7] Feder\u00e1lny verejn\u00fd \u00farad pre vn\u00fatorn\u00e9 z\u00e1le\u017eitosti. Feder\u00e1lne vo\u013eby 2024. Dostupn\u00e9 na internete: https:\/\/resultatselection.belgium.be\/fr\/election-results\/chambre-des-repr%C3%A9sentants\/2024\/royaume\/251712<\/p>\n\n\n\n<p>[8] Feder\u00e1lny verejn\u00fd \u00farad pre vn\u00fatorn\u00e9 z\u00e1le\u017eitosti. Feder\u00e1lne vo\u013eby 2024. Dostupn\u00e9 na internete: https:\/\/resultatselection.belgium.be\/fr\/election-results\/chambre-des-repr%C3%A9sentants\/2024\/royaume\/251712<\/p>\n\n\n\n<p>[9] Feder\u00e1lny verejn\u00fd \u00farad pre vn\u00fatorn\u00e9 z\u00e1le\u017eitosti. Feder\u00e1lne vo\u013eby 2024. Dostupn\u00e9 na internete: https:\/\/resultatselection.belgium.be\/fr\/election-results\/chambre-des-repr%C3%A9sentants\/2024\/royaume\/251712<\/p>\n\n\n\n<p>[10] Feder\u00e1lny verejn\u00fd \u00farad pre vn\u00fatorn\u00e9 z\u00e1le\u017eitosti. Feder\u00e1lne vo\u013eby 2024. Dostupn\u00e9 na internete: https:\/\/resultatselection.belgium.be\/fr\/election-results\/chambre-des-repr%C3%A9sentants\/2024\/royaume\/251712<\/p>\n\n\n\n<p>[11] Feder\u00e1lny verejn\u00fd \u00farad pre vn\u00fatorn\u00e9 z\u00e1le\u017eitosti. Feder\u00e1lne vo\u013eby 2024. Dostupn\u00e9 na internete: https:\/\/resultatselection.belgium.be\/fr\/election-results\/chambre-des-repr%C3%A9sentants\/2024\/royaume\/251712<\/p>\n\n\n\n<p>[12] Feder\u00e1lny verejn\u00fd \u00farad pre vn\u00fatorn\u00e9 z\u00e1le\u017eitosti. Feder\u00e1lne vo\u013eby 2024. Dostupn\u00e9 na internete: https:\/\/resultatselection.belgium.be\/fr\/election-results\/chambre-des-repr%C3%A9sentants\/2024\/royaume\/251712<\/p>\n\n\n\n<p>[13] Feder\u00e1lny verejn\u00fd \u00farad pre vn\u00fatorn\u00e9 z\u00e1le\u017eitosti. Feder\u00e1lne vo\u013eby 2024. Dostupn\u00e9 na internete: R\u00e9sultatd&#8217;\u00e9lectionChambre des Repr\u00e9sentants 09 juin 2024<\/p>\n\n\n\n<p>[14] Blanco party. BLANCO 2024. Dostupn\u00e9 na internete: https:\/\/blanco2024.be\/<\/p>\n\n\n\n<p>[15] Blanco party. BLANCO 2024. Ons Voorstel. Dostupn\u00e9 na internete: https:\/\/blanco2024.be\/<\/p>\n","protected":false},"excerpt":{"rendered":"<p>Belgick\u00fd volebn\u00fd syst\u00e9m je \u0161pecifick\u00fd pre pomern\u00e9 zast\u00fapenie, kde s\u00fa z\u00e1stupcovia volen\u00ed v&nbsp;11 volebn\u00fdch obvodoch. Tento model je z\u00e1kladom na predpoklad pre nekore\u0161ponduj\u00face hodnoty v&nbsp;zmysle priamej \u00famery, ako to pozn\u00e1me na Slovensku \u2013 viac hlasov = viac mand\u00e1tov. Pre nezaujat\u00e9ho pozorovate\u013ea tak m\u00f4\u017eu p\u00f4sobi\u0165 m\u00e4t\u00faco. Po\u010det registrovan\u00fdch voli\u010dov bol v\u00a0roku 2019 stanoven\u00fdch na 8\u00a0167\u00a0709 \u013eud\u00ed, [&hellip;]<\/p>\n","protected":false},"author":23,"featured_media":0,"comment_status":"open","ping_status":"open","sticky":false,"template":"","format":"standard","meta":{"_monsterinsights_skip_tracking":false,"_monsterinsights_sitenote_active":false,"_monsterinsights_sitenote_note":"","_monsterinsights_sitenote_category":0,"footnotes":""},"categories":[5],"tags":[],"class_list":["post-1329","post","type-post","status-publish","format-standard","hentry","category-analyzy"],"yoast_head":"<!-- This site is optimized with the Yoast SEO plugin v26.8 - https:\/\/yoast.com\/product\/yoast-seo-wordpress\/ -->\n<title>Porovnanie v\u00fdsledkov belgick\u00fdch feder\u00e1lnych volieb z roku 2019 a 2024 - RE:PUB<\/title>\n<meta name=\"robots\" content=\"index, follow, max-snippet:-1, max-image-preview:large, max-video-preview:-1\" \/>\n<link rel=\"canonical\" href=\"https:\/\/www.repub.sk\/?p=1329\" \/>\n<meta property=\"og:locale\" content=\"sk_SK\" \/>\n<meta property=\"og:type\" content=\"article\" \/>\n<meta property=\"og:title\" content=\"Porovnanie v\u00fdsledkov belgick\u00fdch feder\u00e1lnych volieb z roku 2019 a 2024 - RE:PUB\" \/>\n<meta property=\"og:description\" content=\"Belgick\u00fd volebn\u00fd syst\u00e9m je \u0161pecifick\u00fd pre pomern\u00e9 zast\u00fapenie, kde s\u00fa z\u00e1stupcovia volen\u00ed v&nbsp;11 volebn\u00fdch obvodoch. Tento model je z\u00e1kladom na predpoklad pre nekore\u0161ponduj\u00face hodnoty v&nbsp;zmysle priamej \u00famery, ako to pozn\u00e1me na Slovensku \u2013 viac hlasov = viac mand\u00e1tov. Pre nezaujat\u00e9ho pozorovate\u013ea tak m\u00f4\u017eu p\u00f4sobi\u0165 m\u00e4t\u00faco. Po\u010det registrovan\u00fdch voli\u010dov bol v\u00a0roku 2019 stanoven\u00fdch na 8\u00a0167\u00a0709 \u013eud\u00ed, [&hellip;]\" \/>\n<meta property=\"og:url\" content=\"https:\/\/www.repub.sk\/?p=1329\" \/>\n<meta property=\"og:site_name\" content=\"RE:PUB\" \/>\n<meta property=\"article:published_time\" content=\"2025-01-31T15:24:36+00:00\" \/>\n<meta property=\"article:modified_time\" content=\"2025-02-01T15:25:37+00:00\" \/>\n<meta name=\"author\" content=\"Oliver Ku\u013ebaga\" \/>\n<meta name=\"twitter:card\" content=\"summary_large_image\" \/>\n<meta name=\"twitter:label1\" content=\"Autor\" \/>\n\t<meta name=\"twitter:data1\" content=\"Oliver Ku\u013ebaga\" \/>\n\t<meta name=\"twitter:label2\" content=\"Predpokladan\u00fd \u010das \u010d\u00edtania\" \/>\n\t<meta name=\"twitter:data2\" content=\"7 min\u00fat\" \/>\n<script type=\"application\/ld+json\" class=\"yoast-schema-graph\">{\"@context\":\"https:\/\/schema.org\",\"@graph\":[{\"@type\":\"Article\",\"@id\":\"https:\/\/www.repub.sk\/?p=1329#article\",\"isPartOf\":{\"@id\":\"https:\/\/www.repub.sk\/?p=1329\"},\"author\":{\"name\":\"Oliver Ku\u013ebaga\",\"@id\":\"https:\/\/www.repub.sk\/#\/schema\/person\/e4648ef05d2f633a46d559d1d64dfdf8\"},\"headline\":\"Porovnanie v\u00fdsledkov belgick\u00fdch feder\u00e1lnych volieb z roku 2019 a 2024\",\"datePublished\":\"2025-01-31T15:24:36+00:00\",\"dateModified\":\"2025-02-01T15:25:37+00:00\",\"mainEntityOfPage\":{\"@id\":\"https:\/\/www.repub.sk\/?p=1329\"},\"wordCount\":1452,\"commentCount\":0,\"publisher\":{\"@id\":\"https:\/\/www.repub.sk\/#organization\"},\"articleSection\":[\"ANAL\u00ddZY\"],\"inLanguage\":\"sk-SK\",\"potentialAction\":[{\"@type\":\"CommentAction\",\"name\":\"Comment\",\"target\":[\"https:\/\/www.repub.sk\/?p=1329#respond\"]}]},{\"@type\":\"WebPage\",\"@id\":\"https:\/\/www.repub.sk\/?p=1329\",\"url\":\"https:\/\/www.repub.sk\/?p=1329\",\"name\":\"Porovnanie v\u00fdsledkov belgick\u00fdch feder\u00e1lnych volieb z roku 2019 a 2024 - RE:PUB\",\"isPartOf\":{\"@id\":\"https:\/\/www.repub.sk\/#website\"},\"datePublished\":\"2025-01-31T15:24:36+00:00\",\"dateModified\":\"2025-02-01T15:25:37+00:00\",\"breadcrumb\":{\"@id\":\"https:\/\/www.repub.sk\/?p=1329#breadcrumb\"},\"inLanguage\":\"sk-SK\",\"potentialAction\":[{\"@type\":\"ReadAction\",\"target\":[\"https:\/\/www.repub.sk\/?p=1329\"]}]},{\"@type\":\"BreadcrumbList\",\"@id\":\"https:\/\/www.repub.sk\/?p=1329#breadcrumb\",\"itemListElement\":[{\"@type\":\"ListItem\",\"position\":1,\"name\":\"Home\",\"item\":\"https:\/\/www.repub.sk\/\"},{\"@type\":\"ListItem\",\"position\":2,\"name\":\"Porovnanie v\u00fdsledkov belgick\u00fdch feder\u00e1lnych volieb z roku 2019 a 2024\"}]},{\"@type\":\"WebSite\",\"@id\":\"https:\/\/www.repub.sk\/#website\",\"url\":\"https:\/\/www.repub.sk\/\",\"name\":\"RE:PUB\",\"description\":\"\u0161tudentsk\u00fd \u010dasopis\",\"publisher\":{\"@id\":\"https:\/\/www.repub.sk\/#organization\"},\"potentialAction\":[{\"@type\":\"SearchAction\",\"target\":{\"@type\":\"EntryPoint\",\"urlTemplate\":\"https:\/\/www.repub.sk\/?s={search_term_string}\"},\"query-input\":{\"@type\":\"PropertyValueSpecification\",\"valueRequired\":true,\"valueName\":\"search_term_string\"}}],\"inLanguage\":\"sk-SK\"},{\"@type\":\"Organization\",\"@id\":\"https:\/\/www.repub.sk\/#organization\",\"name\":\"RE:PUB\",\"url\":\"https:\/\/www.repub.sk\/\",\"logo\":{\"@type\":\"ImageObject\",\"inLanguage\":\"sk-SK\",\"@id\":\"https:\/\/www.repub.sk\/#\/schema\/logo\/image\/\",\"url\":\"https:\/\/www.repub.sk\/wp-content\/uploads\/2024\/08\/repub-logo.png\",\"contentUrl\":\"https:\/\/www.repub.sk\/wp-content\/uploads\/2024\/08\/repub-logo.png\",\"width\":427,\"height\":426,\"caption\":\"RE:PUB\"},\"image\":{\"@id\":\"https:\/\/www.repub.sk\/#\/schema\/logo\/image\/\"}},{\"@type\":\"Person\",\"@id\":\"https:\/\/www.repub.sk\/#\/schema\/person\/e4648ef05d2f633a46d559d1d64dfdf8\",\"name\":\"Oliver Ku\u013ebaga\",\"image\":{\"@type\":\"ImageObject\",\"inLanguage\":\"sk-SK\",\"@id\":\"https:\/\/www.repub.sk\/#\/schema\/person\/image\/\",\"url\":\"https:\/\/secure.gravatar.com\/avatar\/f014d42e0c4d8f49acea7305653a25585df9211cb9129e2cc05b0af69faa8b47?s=96&d=mm&r=g\",\"contentUrl\":\"https:\/\/secure.gravatar.com\/avatar\/f014d42e0c4d8f49acea7305653a25585df9211cb9129e2cc05b0af69faa8b47?s=96&d=mm&r=g\",\"caption\":\"Oliver Ku\u013ebaga\"},\"url\":\"https:\/\/www.repub.sk\/?author=23\"}]}<\/script>\n<!-- \/ Yoast SEO plugin. -->","yoast_head_json":{"title":"Porovnanie v\u00fdsledkov belgick\u00fdch feder\u00e1lnych volieb z roku 2019 a 2024 - RE:PUB","robots":{"index":"index","follow":"follow","max-snippet":"max-snippet:-1","max-image-preview":"max-image-preview:large","max-video-preview":"max-video-preview:-1"},"canonical":"https:\/\/www.repub.sk\/?p=1329","og_locale":"sk_SK","og_type":"article","og_title":"Porovnanie v\u00fdsledkov belgick\u00fdch feder\u00e1lnych volieb z roku 2019 a 2024 - RE:PUB","og_description":"Belgick\u00fd volebn\u00fd syst\u00e9m je \u0161pecifick\u00fd pre pomern\u00e9 zast\u00fapenie, kde s\u00fa z\u00e1stupcovia volen\u00ed v&nbsp;11 volebn\u00fdch obvodoch. Tento model je z\u00e1kladom na predpoklad pre nekore\u0161ponduj\u00face hodnoty v&nbsp;zmysle priamej \u00famery, ako to pozn\u00e1me na Slovensku \u2013 viac hlasov = viac mand\u00e1tov. Pre nezaujat\u00e9ho pozorovate\u013ea tak m\u00f4\u017eu p\u00f4sobi\u0165 m\u00e4t\u00faco. Po\u010det registrovan\u00fdch voli\u010dov bol v\u00a0roku 2019 stanoven\u00fdch na 8\u00a0167\u00a0709 \u013eud\u00ed, [&hellip;]","og_url":"https:\/\/www.repub.sk\/?p=1329","og_site_name":"RE:PUB","article_published_time":"2025-01-31T15:24:36+00:00","article_modified_time":"2025-02-01T15:25:37+00:00","author":"Oliver Ku\u013ebaga","twitter_card":"summary_large_image","twitter_misc":{"Autor":"Oliver Ku\u013ebaga","Predpokladan\u00fd \u010das \u010d\u00edtania":"7 min\u00fat"},"schema":{"@context":"https:\/\/schema.org","@graph":[{"@type":"Article","@id":"https:\/\/www.repub.sk\/?p=1329#article","isPartOf":{"@id":"https:\/\/www.repub.sk\/?p=1329"},"author":{"name":"Oliver Ku\u013ebaga","@id":"https:\/\/www.repub.sk\/#\/schema\/person\/e4648ef05d2f633a46d559d1d64dfdf8"},"headline":"Porovnanie v\u00fdsledkov belgick\u00fdch feder\u00e1lnych volieb z roku 2019 a 2024","datePublished":"2025-01-31T15:24:36+00:00","dateModified":"2025-02-01T15:25:37+00:00","mainEntityOfPage":{"@id":"https:\/\/www.repub.sk\/?p=1329"},"wordCount":1452,"commentCount":0,"publisher":{"@id":"https:\/\/www.repub.sk\/#organization"},"articleSection":["ANAL\u00ddZY"],"inLanguage":"sk-SK","potentialAction":[{"@type":"CommentAction","name":"Comment","target":["https:\/\/www.repub.sk\/?p=1329#respond"]}]},{"@type":"WebPage","@id":"https:\/\/www.repub.sk\/?p=1329","url":"https:\/\/www.repub.sk\/?p=1329","name":"Porovnanie v\u00fdsledkov belgick\u00fdch feder\u00e1lnych volieb z roku 2019 a 2024 - RE:PUB","isPartOf":{"@id":"https:\/\/www.repub.sk\/#website"},"datePublished":"2025-01-31T15:24:36+00:00","dateModified":"2025-02-01T15:25:37+00:00","breadcrumb":{"@id":"https:\/\/www.repub.sk\/?p=1329#breadcrumb"},"inLanguage":"sk-SK","potentialAction":[{"@type":"ReadAction","target":["https:\/\/www.repub.sk\/?p=1329"]}]},{"@type":"BreadcrumbList","@id":"https:\/\/www.repub.sk\/?p=1329#breadcrumb","itemListElement":[{"@type":"ListItem","position":1,"name":"Home","item":"https:\/\/www.repub.sk\/"},{"@type":"ListItem","position":2,"name":"Porovnanie v\u00fdsledkov belgick\u00fdch feder\u00e1lnych volieb z roku 2019 a 2024"}]},{"@type":"WebSite","@id":"https:\/\/www.repub.sk\/#website","url":"https:\/\/www.repub.sk\/","name":"RE:PUB","description":"\u0161tudentsk\u00fd \u010dasopis","publisher":{"@id":"https:\/\/www.repub.sk\/#organization"},"potentialAction":[{"@type":"SearchAction","target":{"@type":"EntryPoint","urlTemplate":"https:\/\/www.repub.sk\/?s={search_term_string}"},"query-input":{"@type":"PropertyValueSpecification","valueRequired":true,"valueName":"search_term_string"}}],"inLanguage":"sk-SK"},{"@type":"Organization","@id":"https:\/\/www.repub.sk\/#organization","name":"RE:PUB","url":"https:\/\/www.repub.sk\/","logo":{"@type":"ImageObject","inLanguage":"sk-SK","@id":"https:\/\/www.repub.sk\/#\/schema\/logo\/image\/","url":"https:\/\/www.repub.sk\/wp-content\/uploads\/2024\/08\/repub-logo.png","contentUrl":"https:\/\/www.repub.sk\/wp-content\/uploads\/2024\/08\/repub-logo.png","width":427,"height":426,"caption":"RE:PUB"},"image":{"@id":"https:\/\/www.repub.sk\/#\/schema\/logo\/image\/"}},{"@type":"Person","@id":"https:\/\/www.repub.sk\/#\/schema\/person\/e4648ef05d2f633a46d559d1d64dfdf8","name":"Oliver Ku\u013ebaga","image":{"@type":"ImageObject","inLanguage":"sk-SK","@id":"https:\/\/www.repub.sk\/#\/schema\/person\/image\/","url":"https:\/\/secure.gravatar.com\/avatar\/f014d42e0c4d8f49acea7305653a25585df9211cb9129e2cc05b0af69faa8b47?s=96&d=mm&r=g","contentUrl":"https:\/\/secure.gravatar.com\/avatar\/f014d42e0c4d8f49acea7305653a25585df9211cb9129e2cc05b0af69faa8b47?s=96&d=mm&r=g","caption":"Oliver Ku\u013ebaga"},"url":"https:\/\/www.repub.sk\/?author=23"}]}},"_links":{"self":[{"href":"https:\/\/www.repub.sk\/index.php?rest_route=\/wp\/v2\/posts\/1329","targetHints":{"allow":["GET"]}}],"collection":[{"href":"https:\/\/www.repub.sk\/index.php?rest_route=\/wp\/v2\/posts"}],"about":[{"href":"https:\/\/www.repub.sk\/index.php?rest_route=\/wp\/v2\/types\/post"}],"author":[{"embeddable":true,"href":"https:\/\/www.repub.sk\/index.php?rest_route=\/wp\/v2\/users\/23"}],"replies":[{"embeddable":true,"href":"https:\/\/www.repub.sk\/index.php?rest_route=%2Fwp%2Fv2%2Fcomments&post=1329"}],"version-history":[{"count":2,"href":"https:\/\/www.repub.sk\/index.php?rest_route=\/wp\/v2\/posts\/1329\/revisions"}],"predecessor-version":[{"id":1331,"href":"https:\/\/www.repub.sk\/index.php?rest_route=\/wp\/v2\/posts\/1329\/revisions\/1331"}],"wp:attachment":[{"href":"https:\/\/www.repub.sk\/index.php?rest_route=%2Fwp%2Fv2%2Fmedia&parent=1329"}],"wp:term":[{"taxonomy":"category","embeddable":true,"href":"https:\/\/www.repub.sk\/index.php?rest_route=%2Fwp%2Fv2%2Fcategories&post=1329"},{"taxonomy":"post_tag","embeddable":true,"href":"https:\/\/www.repub.sk\/index.php?rest_route=%2Fwp%2Fv2%2Ftags&post=1329"}],"curies":[{"name":"wp","href":"https:\/\/api.w.org\/{rel}","templated":true}]}}