{"id":1300,"date":"2024-10-10T06:00:00","date_gmt":"2024-10-10T04:00:00","guid":{"rendered":"https:\/\/www.repub.sk\/?p=1300"},"modified":"2025-02-01T17:57:09","modified_gmt":"2025-02-01T16:57:09","slug":"moze-byt-demokraciou-akykolvek-system-vek-konfuzie-v-chapani-demokracie","status":"publish","type":"post","link":"https:\/\/www.repub.sk\/?p=1300","title":{"rendered":"M\u00f4\u017ee by\u0165 demokraciou ak\u00fdko\u013evek syst\u00e9m? Vek konf\u00fazie v ch\u00e1pan\u00ed demokracie"},"content":{"rendered":"\n<p>Demokracia ako koncept, m\u00e1 pr\u00e1vo existova\u0165 a zah\u0155\u0148a mno\u017estvo aspektov, ktor\u00e9 ovplyv\u0148uj\u00fa ka\u017edodenn\u00fd \u017eivot jednotlivcov aj spolo\u010dnosti ako celku. Z historick\u00e9ho h\u013eadiska bola \u010dasto pova\u017eovan\u00e1 za znak, civiliz\u00e1cie a tie\u017e ako politicky v\u00fdsledok z\u00e1padn\u00e9ho sveta, ktor\u00fd sa sna\u017e\u00ed o vytvorenie spravodlivej a otvorenej spolo\u010dnosti. Demokracia nie je len syst\u00e9m vl\u00e1dnutia, ale predov\u0161etk\u00fdm je sp\u00f4sobom \u017eivota, ktor\u00fd umo\u017e\u0148uje jednotlivcom participova\u0165 na rozhodovac\u00edch procesoch, ovplyv\u0148ova\u0165 politiku a h\u00e1ji\u0165 svoje pr\u00e1va a slobody.<\/p>\n\n\n\n<p>Je d\u00f4le\u017eit\u00e9 uvedomi\u0165 si, \u017ee demokracia sa ned\u00e1 porovn\u00e1va\u0165 s komunistick\u00fdmi alebo socialistick\u00fdmi ideol\u00f3giami, preto\u017ee v demokracii neexistuje jedin\u00fd autorit\u00e1rny hlas, ktor\u00fd by dominoval diskurzu. Namiesto toho je demokracia v\u00fdsledkom interakcie r\u00f4znych n\u00e1zorov, my\u0161lienok a filozofii, \u010do jej dod\u00e1va rozmanitos\u0165 a dynamiku. M\u00f4\u017eeme kon\u0161tatova\u0165, \u017ee te\u00f3ria demokracie sa formovala v r\u00e1mci \u0161irok\u00e9ho spektra n\u00e1zorov, ktor\u00e9 sa prekr\u00fdvaj\u00fa, ale z\u00e1rove\u0148 aj konfrontuj\u00fa. Zatia\u013e \u010do komunistick\u00e9 a socialistick\u00e9 ideol\u00f3gie sa po\u010das druhej svetovej vojny javili ako nedemokratick\u00e9 pr\u00fady, ktor\u00e9 potl\u00e1\u010dali individualitu a slobodu.<\/p>\n\n\n\n<p>Faktom tie\u017e ost\u00e1va, \u017ee demokracia sa stala v\u00fdznamn\u00fdm a v\u00e1\u017een\u00fdm pojmom, ktor\u00fd je dnes sirokomuznavany v mnoh\u00fdch \u010dastiach sveta. Po druhej svetovej vojne sme boli svedkami posunu, ktor\u00fd nazna\u010doval vzostup spolo\u010dn\u00e9ho ide\u00e1lu. Tento proces bol sprev\u00e1dzan\u00fd terminologick\u00fdm a ideologick\u00fdm skreslen\u00edm, ktor\u00e9 vy\u00fastilo do ak\u00e9hosi zatmenia pojmu demokracie. George Orwell presne op\u00edsal t\u00fato situ\u00e1ciu, kde hovor\u00ed, \u017ee pri slove demokracia neexistuje v\u0161eobecne akceptovan\u00e1 defin\u00edcia. Tento nedostatok konsenzu sp\u00f4sobuje, \u017ee ka\u017ed\u00fd re\u017eim sa pova\u017euje za demokratick\u00fd a ob\u00e1va sa, \u017ee ak by sa slovo precizovalo, mohlo by strati\u0165 svoju atraktivitu a moc. D\u00f4sledkom tohto znejasnenja je, \u017ee sa v\u00fdznam demokracie st\u00e1va \u010doraz roz\u0161\u00edrenej\u0161\u00edm a z\u00e1rove\u0148 aj nejasnej\u0161im. Mnoh\u00ed politick\u00ed l\u00eddri a re\u017eimy sa sna\u017eia legitimizova\u0165 svoje konanie prostredn\u00edctvom pr\u00edvlastku ,,demokratick\u00fd\u201d, to m\u00f4\u017ee vies\u0165 k dezil\u00fazii ob\u010danov, ktor\u00ed si uvedomuj\u00fa, \u017ee z\u00e1kladn\u00e9 demokratick\u00e9 princ\u00edpy s\u00fa \u010dasto poru\u0161ovan\u00e9. To vedie k ot\u00e1zke, ak\u00fd v\u00fdznam m\u00e1 demokracia v tak\u00fdchto situ\u00e1ci\u00e1ch a ako m\u00f4\u017eeme chr\u00e1ni\u0165 jej prav\u00fd v\u00fdznam.<\/p>\n\n\n\n<p>Jedn\u00fdm z negat\u00edvnych vplyvov pre te\u00f3rie demokracie je spor o hodnotov\u00fa nestrannos\u0165. Tento probl\u00e9m m\u00f4\u017eeme interpretova\u0165 r\u00f4znymi sp\u00f4sobmi. Prv\u00fd pr\u00edstup sa sna\u017e\u00ed o oddelenie<\/p>\n\n\n\n<p>hodnotenia a opisu demokratick\u00fdch procesov, teda je miernej\u0161ia, zatia\u013e \u010do druh\u00e1 f\u00e1za je u\u017e extr\u00e9mnej\u0161ou verziou a pok\u00fa\u0161a sa dotiahnu\u0165 hodnotov\u00e9 v\u00e1kuum, kde s\u00fa slova vyjadruj\u00face dobro a zlo odstr\u00e1nen\u00e9. Av\u0161ak t\u00e1to realiz\u00e1cia je \u0165a\u017eko uskuto\u010dnite\u013en\u00e1, preto\u017ee hodnoty s\u00fa neoddelite\u013enou s\u00fa\u010das\u0165ou na\u0161ich rozhodnut\u00ed a spr\u00e1vania. Z tohto d\u00f4vodu vznik\u00e1 tretia verzia, ktor\u00e1 sa naz\u00fdva obch\u00e1dzanie hodn\u00f4t. T\u00e1to verzia v nej hodnoty nemizn\u00fa, ale s\u00fa potl\u00e1\u010dan\u00e9 a st\u00e1vaj\u00fa sa implicitn\u00fdmi, \u010do m\u00f4\u017ee vies\u0165 k nejasnostiam v tom ako sa demokracia skuto\u010dne praktizuje.<\/p>\n\n\n\n<p>Behaviorizmus, ako intelektu\u00e1lny smer, ne\u00famyselne oslabil tradi\u010dn\u00fa te\u00f3riu demokracie a vytvoril tak empirick\u00fa te\u00f3riu, ktor\u00e1 s\u00edce priniesla nov\u00e9 poh\u013eady na to, ako m\u00f4\u017eeme \u0161tudova\u0165 politick\u00e9 javy, no z\u00e1rove\u0148 otvorila dvere k nov\u00fdm probl\u00e9mom, ktor\u00e9 si vy\u017eaduj\u00fa d\u00f4kladn\u00e9 zhodnotenie a reflexiu. Tento posun ukazuje, \u017ee hoci sa m\u00f4\u017eeme sna\u017ei\u0165 o objekt\u00edvne pochopenie demokracie,nem\u00f4\u017eeme ignorova\u0165 subjekt\u00edvne hodnoty, ktor\u00e9 formuj\u00fa na\u0161e ch\u00e1panie a praktizovanie demokratick\u00fdch princ\u00edpov.<\/p>\n\n\n\n<p>Demokracie mo\u017eno ch\u00e1pa\u0165 aj ako cie\u013eov\u00e9 zriadenia, pri\u010dom ciele s\u00fa stanoven\u00e9 demokratick\u00fdm procesom a formuj\u00fa sa v r\u00e1mci demokratick\u00fdch praktik. Tento proces ukazuje ako demokracia dok\u00e1\u017ee udr\u017eiava\u0165 rovnov\u00e1hu medzifaktami a hodnotami. Existencia demokracie je teda zalo\u017een\u00e1 na svojich ide\u00e1loch, a na schopnosti ob\u010danov anga\u017eova\u0165 sa v politick\u00fdch procesoch. Pojem demokracie je nevyhnutn\u00fd nielen pre identifik\u00e1ciu demokratick\u00fdch syst\u00e9mov ale aj pre zachovanie ide\u00e1lu ak\u00fdm by demokracia mala by\u0165. T\u00fdm p\u00e1dom ma demokracia nielen deskript\u00edvnu a denota\u010dn\u00fa funkciu,ale aj normat\u00edvnu a presvied\u010dac\u00fa funkciu. Tento aspekt je d\u00f4le\u017eit\u00fd, preto\u017ee ukazuje, \u017ee demokracia nie je len o pravidl\u00e1ch a proced\u00farach, ale aj i hodnot\u00e1ch a princ\u00edpoch, ktor\u00e9 by mali orientova\u0165 na\u0161e rozhodovanie a spr\u00e1vanie v r\u00e1mci demokratick\u00e9ho syst\u00e9mu.<\/p>\n\n\n\n<p>Demokraticky ide\u00e1l a demokratick\u00e1 realita sa navz\u00e1jom nedefinuj\u00fa. Skuto\u010dn\u00e1 demokracia nem\u00f4\u017ee by\u0165 toto\u017en\u00e1 s ide\u00e1lnou predstavou. Demokracia je v\u00fdsledkom interakcie ide\u00e1lov a reality, ktor\u00e1 sa vyv\u00edja a stret\u00e1va s tlakom na to, \u010do by malo by\u0165, v kontraste s t\u00fdm, \u010do skuto\u010dne je. Tento dynamicky proces n\u00e1s neust\u00e1le vyz\u00fdva k prehodnocovaniu na\u0161ich predst\u00e1v o demokracii a k adapt\u00e1cii na meniace sa podmienky a v\u00fdzvy.<\/p>\n\n\n\n<p>Demokracia sa ukazuje, \u017ee je komplexn\u00fd a dynamicky konceot, ktor\u00fd prech\u00e1dza neust\u00e1lymi zmenami a v\u00fdvojom. Pri \u010d\u00edtan\u00ed tohto textu som sa s\u00fastre\u010fovala na podstatu demokracie a jej v\u00fdznamom v na\u0161ej spolo\u010dnosti. Roz\u0161\u00edrenie v\u00fdznamu slova demokracia a jeho<\/p>\n\n\n\n<p>zneu\u017e\u00edvanie v politickej praxi n\u00e1s n\u00fati zamyslie\u0165 sa nad t\u00fdm, \u010do pre n\u00e1s demokracia skuto\u010dne znamen\u00e1 a ako ju m\u00f4\u017eeme chr\u00e1ni\u0165 pred skreslen\u00edm. Jedn\u00fdm z hlavn\u00fdch aspektov, ktor\u00fd ma zaujal, je my\u0161lienka, \u017ee v demokracii neexistuje jedin\u00fd autoritarny hlad, ktor\u00fd by dominoval diskurzu. Tento pluralizmus je k\u013e\u00fa\u010dov\u00fd pre zdrav\u00fa demokratick\u00fa spolo\u010dnos\u0165. Av\u0161ak v praxi \u010dasto vid\u00edme ako sa pojem demokracie zneu\u017e\u00edva na legitimiz\u00e1ciu r\u00f4znych re\u017eimov, ktor\u00e9 sa sami ozna\u010duj\u00fa za demokratick\u00e9, aj ke\u010f v skuto\u010dnosti poru\u0161uj\u00fa z\u00e1kladne princ\u00edpy demokratick\u00e9ho fungovania. Toto skreslenie m\u00f4\u017ee vies\u0165 k naruseniu d\u00f4very ob\u010danov v demokratick\u00e9 in\u0161tit\u00facie.<\/p>\n\n\n\n<p>Demokracia by mala by\u0165 zalo\u017een\u00e1 na transparentnosti, zodpovednosti a particip\u00e1cii ob\u010danov. Mus\u00edme si by\u0165 vedom\u00ed toho, \u017ee demokracia nie je len syst\u00e9m volieb, ale aj kult\u00fara, ktor\u00e1 zah\u0155\u0148a akt\u00edvne zapojenie ob\u010danov do rozhodovania a kontorlu mocn\u00fdch. S\u00fahlas\u00edm s n\u00e1zorom, \u017ee ide\u00e1lna demokracia a jej praktick\u00e1 realiz\u00e1cia sa nem\u00f4\u017eu navz\u00e1jom zamie\u0148a\u0165. Je d\u00f4le\u017eit\u00e9 aby sme sa neust\u00e1le sna\u017eili prisp\u00f4sobova\u0165 demokratick\u00e9 proces aktu\u00e1lnym potreb\u00e1m spolo\u010dnosti a zabezpe\u010dovali, \u017ee hodnoty demokracie bud\u00fa v\u017edy na prvom mieste.<\/p>\n\n\n\n<p>Mojim n\u00e1vrhom pre vyrie\u0161enie tohto probl\u00e9mu aby sa zlep\u0161ili na\u0161e demokratick\u00e9 procesy, mal by zah\u0155\u0148a\u0165 zvy\u0161ovanie politickej gramotnisti ob\u010danov. Mlad\u00fa \u013eudia by mali by\u0165 vychov\u00e1van\u00ed k akt\u00edvnemu ob\u010dianstvu, alebo k schopnosti kriticky myslie\u0165 a analyzova\u0165 politick\u00e9 ot\u00e1zky. Okrem toho by sme mali aj podporova\u0165 otvoren\u00e9 diskus8e a dial\u00f3gy medzi r\u00f4znymi skupinami v spolo\u010dnosti, aby sme mo\u017en\u00ed prehlbovala to porozumenie a zn\u00ed\u017eili tak polariz\u00e1ciu. No na z\u00e1ver je st\u00e1le jasne, \u017ee demokracia je neust\u00e1le sa vyv\u00edjaj\u00faci proces, ktor\u00fd si vy\u017eaduje na\u0161u pozornos\u0165 a aktivitu.<\/p>\n\n\n\n<p><\/p>\n","protected":false},"excerpt":{"rendered":"<p>Demokracia ako koncept, m\u00e1 pr\u00e1vo existova\u0165 a zah\u0155\u0148a mno\u017estvo aspektov, ktor\u00e9 ovplyv\u0148uj\u00fa ka\u017edodenn\u00fd \u017eivot jednotlivcov aj spolo\u010dnosti ako celku. Z historick\u00e9ho h\u013eadiska bola \u010dasto pova\u017eovan\u00e1 za znak, civiliz\u00e1cie a tie\u017e ako politicky v\u00fdsledok z\u00e1padn\u00e9ho sveta, ktor\u00fd sa sna\u017e\u00ed o vytvorenie spravodlivej a otvorenej spolo\u010dnosti. Demokracia nie je len syst\u00e9m vl\u00e1dnutia, ale predov\u0161etk\u00fdm je sp\u00f4sobom \u017eivota, [&hellip;]<\/p>\n","protected":false},"author":46,"featured_media":0,"comment_status":"open","ping_status":"open","sticky":false,"template":"","format":"standard","meta":{"_monsterinsights_skip_tracking":false,"_monsterinsights_sitenote_active":false,"_monsterinsights_sitenote_note":"","_monsterinsights_sitenote_category":0,"footnotes":""},"categories":[11],"tags":[],"class_list":["post-1300","post","type-post","status-publish","format-standard","hentry","category-eseje"],"yoast_head":"<!-- This site is optimized with the Yoast SEO plugin v26.8 - https:\/\/yoast.com\/product\/yoast-seo-wordpress\/ -->\n<title>M\u00f4\u017ee by\u0165 demokraciou ak\u00fdko\u013evek syst\u00e9m? Vek konf\u00fazie v ch\u00e1pan\u00ed demokracie - RE:PUB<\/title>\n<meta name=\"robots\" content=\"index, follow, max-snippet:-1, max-image-preview:large, max-video-preview:-1\" \/>\n<link rel=\"canonical\" href=\"https:\/\/www.repub.sk\/?p=1300\" \/>\n<meta property=\"og:locale\" content=\"sk_SK\" \/>\n<meta property=\"og:type\" content=\"article\" \/>\n<meta property=\"og:title\" content=\"M\u00f4\u017ee by\u0165 demokraciou ak\u00fdko\u013evek syst\u00e9m? Vek konf\u00fazie v ch\u00e1pan\u00ed demokracie - RE:PUB\" \/>\n<meta property=\"og:description\" content=\"Demokracia ako koncept, m\u00e1 pr\u00e1vo existova\u0165 a zah\u0155\u0148a mno\u017estvo aspektov, ktor\u00e9 ovplyv\u0148uj\u00fa ka\u017edodenn\u00fd \u017eivot jednotlivcov aj spolo\u010dnosti ako celku. Z historick\u00e9ho h\u013eadiska bola \u010dasto pova\u017eovan\u00e1 za znak, civiliz\u00e1cie a tie\u017e ako politicky v\u00fdsledok z\u00e1padn\u00e9ho sveta, ktor\u00fd sa sna\u017e\u00ed o vytvorenie spravodlivej a otvorenej spolo\u010dnosti. Demokracia nie je len syst\u00e9m vl\u00e1dnutia, ale predov\u0161etk\u00fdm je sp\u00f4sobom \u017eivota, [&hellip;]\" \/>\n<meta property=\"og:url\" content=\"https:\/\/www.repub.sk\/?p=1300\" \/>\n<meta property=\"og:site_name\" content=\"RE:PUB\" \/>\n<meta property=\"article:published_time\" content=\"2024-10-10T04:00:00+00:00\" \/>\n<meta property=\"article:modified_time\" content=\"2025-02-01T16:57:09+00:00\" \/>\n<meta name=\"author\" content=\"Bc. Ivana Ha\u013ekov\u00e1\" \/>\n<meta name=\"twitter:card\" content=\"summary_large_image\" \/>\n<meta name=\"twitter:label1\" content=\"Autor\" \/>\n\t<meta name=\"twitter:data1\" content=\"Bc. Ivana Ha\u013ekov\u00e1\" \/>\n\t<meta name=\"twitter:label2\" content=\"Predpokladan\u00fd \u010das \u010d\u00edtania\" \/>\n\t<meta name=\"twitter:data2\" content=\"6 min\u00fat\" \/>\n<script type=\"application\/ld+json\" class=\"yoast-schema-graph\">{\"@context\":\"https:\/\/schema.org\",\"@graph\":[{\"@type\":\"Article\",\"@id\":\"https:\/\/www.repub.sk\/?p=1300#article\",\"isPartOf\":{\"@id\":\"https:\/\/www.repub.sk\/?p=1300\"},\"author\":{\"name\":\"Bc. Ivana Ha\u013ekov\u00e1\",\"@id\":\"https:\/\/www.repub.sk\/#\/schema\/person\/a9b5bc2b063cdfd6f0e28eaf4b9c7b4d\"},\"headline\":\"M\u00f4\u017ee by\u0165 demokraciou ak\u00fdko\u013evek syst\u00e9m? Vek konf\u00fazie v ch\u00e1pan\u00ed demokracie\",\"datePublished\":\"2024-10-10T04:00:00+00:00\",\"dateModified\":\"2025-02-01T16:57:09+00:00\",\"mainEntityOfPage\":{\"@id\":\"https:\/\/www.repub.sk\/?p=1300\"},\"wordCount\":1265,\"commentCount\":0,\"publisher\":{\"@id\":\"https:\/\/www.repub.sk\/#organization\"},\"articleSection\":[\"ESEJE\"],\"inLanguage\":\"sk-SK\",\"potentialAction\":[{\"@type\":\"CommentAction\",\"name\":\"Comment\",\"target\":[\"https:\/\/www.repub.sk\/?p=1300#respond\"]}]},{\"@type\":\"WebPage\",\"@id\":\"https:\/\/www.repub.sk\/?p=1300\",\"url\":\"https:\/\/www.repub.sk\/?p=1300\",\"name\":\"M\u00f4\u017ee by\u0165 demokraciou ak\u00fdko\u013evek syst\u00e9m? Vek konf\u00fazie v ch\u00e1pan\u00ed demokracie - RE:PUB\",\"isPartOf\":{\"@id\":\"https:\/\/www.repub.sk\/#website\"},\"datePublished\":\"2024-10-10T04:00:00+00:00\",\"dateModified\":\"2025-02-01T16:57:09+00:00\",\"breadcrumb\":{\"@id\":\"https:\/\/www.repub.sk\/?p=1300#breadcrumb\"},\"inLanguage\":\"sk-SK\",\"potentialAction\":[{\"@type\":\"ReadAction\",\"target\":[\"https:\/\/www.repub.sk\/?p=1300\"]}]},{\"@type\":\"BreadcrumbList\",\"@id\":\"https:\/\/www.repub.sk\/?p=1300#breadcrumb\",\"itemListElement\":[{\"@type\":\"ListItem\",\"position\":1,\"name\":\"Home\",\"item\":\"https:\/\/www.repub.sk\/\"},{\"@type\":\"ListItem\",\"position\":2,\"name\":\"M\u00f4\u017ee by\u0165 demokraciou ak\u00fdko\u013evek syst\u00e9m? Vek konf\u00fazie v ch\u00e1pan\u00ed demokracie\"}]},{\"@type\":\"WebSite\",\"@id\":\"https:\/\/www.repub.sk\/#website\",\"url\":\"https:\/\/www.repub.sk\/\",\"name\":\"RE:PUB\",\"description\":\"\u0161tudentsk\u00fd \u010dasopis\",\"publisher\":{\"@id\":\"https:\/\/www.repub.sk\/#organization\"},\"potentialAction\":[{\"@type\":\"SearchAction\",\"target\":{\"@type\":\"EntryPoint\",\"urlTemplate\":\"https:\/\/www.repub.sk\/?s={search_term_string}\"},\"query-input\":{\"@type\":\"PropertyValueSpecification\",\"valueRequired\":true,\"valueName\":\"search_term_string\"}}],\"inLanguage\":\"sk-SK\"},{\"@type\":\"Organization\",\"@id\":\"https:\/\/www.repub.sk\/#organization\",\"name\":\"RE:PUB\",\"url\":\"https:\/\/www.repub.sk\/\",\"logo\":{\"@type\":\"ImageObject\",\"inLanguage\":\"sk-SK\",\"@id\":\"https:\/\/www.repub.sk\/#\/schema\/logo\/image\/\",\"url\":\"https:\/\/www.repub.sk\/wp-content\/uploads\/2024\/08\/repub-logo.png\",\"contentUrl\":\"https:\/\/www.repub.sk\/wp-content\/uploads\/2024\/08\/repub-logo.png\",\"width\":427,\"height\":426,\"caption\":\"RE:PUB\"},\"image\":{\"@id\":\"https:\/\/www.repub.sk\/#\/schema\/logo\/image\/\"}},{\"@type\":\"Person\",\"@id\":\"https:\/\/www.repub.sk\/#\/schema\/person\/a9b5bc2b063cdfd6f0e28eaf4b9c7b4d\",\"name\":\"Bc. Ivana Ha\u013ekov\u00e1\",\"image\":{\"@type\":\"ImageObject\",\"inLanguage\":\"sk-SK\",\"@id\":\"https:\/\/www.repub.sk\/#\/schema\/person\/image\/\",\"url\":\"https:\/\/secure.gravatar.com\/avatar\/a9da8d4281c113d8936af532af63f79ce2f430a94a72c2dd397024d54d071937?s=96&d=mm&r=g\",\"contentUrl\":\"https:\/\/secure.gravatar.com\/avatar\/a9da8d4281c113d8936af532af63f79ce2f430a94a72c2dd397024d54d071937?s=96&d=mm&r=g\",\"caption\":\"Bc. Ivana Ha\u013ekov\u00e1\"},\"url\":\"https:\/\/www.repub.sk\/?author=46\"}]}<\/script>\n<!-- \/ Yoast SEO plugin. -->","yoast_head_json":{"title":"M\u00f4\u017ee by\u0165 demokraciou ak\u00fdko\u013evek syst\u00e9m? Vek konf\u00fazie v ch\u00e1pan\u00ed demokracie - RE:PUB","robots":{"index":"index","follow":"follow","max-snippet":"max-snippet:-1","max-image-preview":"max-image-preview:large","max-video-preview":"max-video-preview:-1"},"canonical":"https:\/\/www.repub.sk\/?p=1300","og_locale":"sk_SK","og_type":"article","og_title":"M\u00f4\u017ee by\u0165 demokraciou ak\u00fdko\u013evek syst\u00e9m? Vek konf\u00fazie v ch\u00e1pan\u00ed demokracie - RE:PUB","og_description":"Demokracia ako koncept, m\u00e1 pr\u00e1vo existova\u0165 a zah\u0155\u0148a mno\u017estvo aspektov, ktor\u00e9 ovplyv\u0148uj\u00fa ka\u017edodenn\u00fd \u017eivot jednotlivcov aj spolo\u010dnosti ako celku. Z historick\u00e9ho h\u013eadiska bola \u010dasto pova\u017eovan\u00e1 za znak, civiliz\u00e1cie a tie\u017e ako politicky v\u00fdsledok z\u00e1padn\u00e9ho sveta, ktor\u00fd sa sna\u017e\u00ed o vytvorenie spravodlivej a otvorenej spolo\u010dnosti. Demokracia nie je len syst\u00e9m vl\u00e1dnutia, ale predov\u0161etk\u00fdm je sp\u00f4sobom \u017eivota, [&hellip;]","og_url":"https:\/\/www.repub.sk\/?p=1300","og_site_name":"RE:PUB","article_published_time":"2024-10-10T04:00:00+00:00","article_modified_time":"2025-02-01T16:57:09+00:00","author":"Bc. Ivana Ha\u013ekov\u00e1","twitter_card":"summary_large_image","twitter_misc":{"Autor":"Bc. Ivana Ha\u013ekov\u00e1","Predpokladan\u00fd \u010das \u010d\u00edtania":"6 min\u00fat"},"schema":{"@context":"https:\/\/schema.org","@graph":[{"@type":"Article","@id":"https:\/\/www.repub.sk\/?p=1300#article","isPartOf":{"@id":"https:\/\/www.repub.sk\/?p=1300"},"author":{"name":"Bc. Ivana Ha\u013ekov\u00e1","@id":"https:\/\/www.repub.sk\/#\/schema\/person\/a9b5bc2b063cdfd6f0e28eaf4b9c7b4d"},"headline":"M\u00f4\u017ee by\u0165 demokraciou ak\u00fdko\u013evek syst\u00e9m? Vek konf\u00fazie v ch\u00e1pan\u00ed demokracie","datePublished":"2024-10-10T04:00:00+00:00","dateModified":"2025-02-01T16:57:09+00:00","mainEntityOfPage":{"@id":"https:\/\/www.repub.sk\/?p=1300"},"wordCount":1265,"commentCount":0,"publisher":{"@id":"https:\/\/www.repub.sk\/#organization"},"articleSection":["ESEJE"],"inLanguage":"sk-SK","potentialAction":[{"@type":"CommentAction","name":"Comment","target":["https:\/\/www.repub.sk\/?p=1300#respond"]}]},{"@type":"WebPage","@id":"https:\/\/www.repub.sk\/?p=1300","url":"https:\/\/www.repub.sk\/?p=1300","name":"M\u00f4\u017ee by\u0165 demokraciou ak\u00fdko\u013evek syst\u00e9m? Vek konf\u00fazie v ch\u00e1pan\u00ed demokracie - RE:PUB","isPartOf":{"@id":"https:\/\/www.repub.sk\/#website"},"datePublished":"2024-10-10T04:00:00+00:00","dateModified":"2025-02-01T16:57:09+00:00","breadcrumb":{"@id":"https:\/\/www.repub.sk\/?p=1300#breadcrumb"},"inLanguage":"sk-SK","potentialAction":[{"@type":"ReadAction","target":["https:\/\/www.repub.sk\/?p=1300"]}]},{"@type":"BreadcrumbList","@id":"https:\/\/www.repub.sk\/?p=1300#breadcrumb","itemListElement":[{"@type":"ListItem","position":1,"name":"Home","item":"https:\/\/www.repub.sk\/"},{"@type":"ListItem","position":2,"name":"M\u00f4\u017ee by\u0165 demokraciou ak\u00fdko\u013evek syst\u00e9m? Vek konf\u00fazie v ch\u00e1pan\u00ed demokracie"}]},{"@type":"WebSite","@id":"https:\/\/www.repub.sk\/#website","url":"https:\/\/www.repub.sk\/","name":"RE:PUB","description":"\u0161tudentsk\u00fd \u010dasopis","publisher":{"@id":"https:\/\/www.repub.sk\/#organization"},"potentialAction":[{"@type":"SearchAction","target":{"@type":"EntryPoint","urlTemplate":"https:\/\/www.repub.sk\/?s={search_term_string}"},"query-input":{"@type":"PropertyValueSpecification","valueRequired":true,"valueName":"search_term_string"}}],"inLanguage":"sk-SK"},{"@type":"Organization","@id":"https:\/\/www.repub.sk\/#organization","name":"RE:PUB","url":"https:\/\/www.repub.sk\/","logo":{"@type":"ImageObject","inLanguage":"sk-SK","@id":"https:\/\/www.repub.sk\/#\/schema\/logo\/image\/","url":"https:\/\/www.repub.sk\/wp-content\/uploads\/2024\/08\/repub-logo.png","contentUrl":"https:\/\/www.repub.sk\/wp-content\/uploads\/2024\/08\/repub-logo.png","width":427,"height":426,"caption":"RE:PUB"},"image":{"@id":"https:\/\/www.repub.sk\/#\/schema\/logo\/image\/"}},{"@type":"Person","@id":"https:\/\/www.repub.sk\/#\/schema\/person\/a9b5bc2b063cdfd6f0e28eaf4b9c7b4d","name":"Bc. Ivana Ha\u013ekov\u00e1","image":{"@type":"ImageObject","inLanguage":"sk-SK","@id":"https:\/\/www.repub.sk\/#\/schema\/person\/image\/","url":"https:\/\/secure.gravatar.com\/avatar\/a9da8d4281c113d8936af532af63f79ce2f430a94a72c2dd397024d54d071937?s=96&d=mm&r=g","contentUrl":"https:\/\/secure.gravatar.com\/avatar\/a9da8d4281c113d8936af532af63f79ce2f430a94a72c2dd397024d54d071937?s=96&d=mm&r=g","caption":"Bc. Ivana Ha\u013ekov\u00e1"},"url":"https:\/\/www.repub.sk\/?author=46"}]}},"_links":{"self":[{"href":"https:\/\/www.repub.sk\/index.php?rest_route=\/wp\/v2\/posts\/1300","targetHints":{"allow":["GET"]}}],"collection":[{"href":"https:\/\/www.repub.sk\/index.php?rest_route=\/wp\/v2\/posts"}],"about":[{"href":"https:\/\/www.repub.sk\/index.php?rest_route=\/wp\/v2\/types\/post"}],"author":[{"embeddable":true,"href":"https:\/\/www.repub.sk\/index.php?rest_route=\/wp\/v2\/users\/46"}],"replies":[{"embeddable":true,"href":"https:\/\/www.repub.sk\/index.php?rest_route=%2Fwp%2Fv2%2Fcomments&post=1300"}],"version-history":[{"count":3,"href":"https:\/\/www.repub.sk\/index.php?rest_route=\/wp\/v2\/posts\/1300\/revisions"}],"predecessor-version":[{"id":1305,"href":"https:\/\/www.repub.sk\/index.php?rest_route=\/wp\/v2\/posts\/1300\/revisions\/1305"}],"wp:attachment":[{"href":"https:\/\/www.repub.sk\/index.php?rest_route=%2Fwp%2Fv2%2Fmedia&parent=1300"}],"wp:term":[{"taxonomy":"category","embeddable":true,"href":"https:\/\/www.repub.sk\/index.php?rest_route=%2Fwp%2Fv2%2Fcategories&post=1300"},{"taxonomy":"post_tag","embeddable":true,"href":"https:\/\/www.repub.sk\/index.php?rest_route=%2Fwp%2Fv2%2Ftags&post=1300"}],"curies":[{"name":"wp","href":"https:\/\/api.w.org\/{rel}","templated":true}]}}